{"id":29735,"date":"2026-03-09T19:06:37","date_gmt":"2026-03-10T01:06:37","guid":{"rendered":"https:\/\/zonalimitrofe-cbnr.com\/?p=29735"},"modified":"2026-03-09T19:06:38","modified_gmt":"2026-03-10T01:06:38","slug":"uadec-invita-la-facultad-de-medicina-de-la-uadec-unidad-laguna-a-congreso-internacional-de-medicina-emergencias-medicas-retos-respuestas-y-realidades","status":"publish","type":"post","link":"https:\/\/zonalimitrofe-cbnr.com\/index.php\/2026\/03\/09\/uadec-invita-la-facultad-de-medicina-de-la-uadec-unidad-laguna-a-congreso-internacional-de-medicina-emergencias-medicas-retos-respuestas-y-realidades\/","title":{"rendered":"#UAdeC. Invita la Facultad de Medicina de la UAdeC Unidad Laguna a Congreso Internacional de Medicina: \u201cEmergencias M\u00e9dicas, Retos, Respuestas y Realidades\u201d"},"content":{"rendered":"\n<p>TORRE\u00d3N, Coahuila. 9 de marzo de 2026. La Facultad de Medicina de la Universidad Aut\u00f3noma de Coahuila Unidad Laguna, invita al XXVI Congreso Internacional de Medicina: \u201cEmergencias M\u00e9dicas, Retos, Respuestas y Realidades\u201d, que se llevar\u00e1 a cabo en Ciudad Universitaria Campus del 17 al 21 de marzo.<\/p>\n\n\n\n<p>Este congreso est\u00e1 dirigido principalmente a m\u00e9dicos en formaci\u00f3n, estudiantes de medicina, m\u00e9dicos internos, residentes y profesionales interesados en fortalecer sus conocimientos en el \u00e1rea de las urgencias m\u00e9dicas.<\/p>\n\n\n\n<p>En rueda de prensa dieron a conocer los detalles del congreso, el director de la Facultad de Medicina, Carlos Enrique Acevedo Aguirre, el coordinador y asesor del Congreso, Carlos Siwady, el alumno y presidente del comit\u00e9 organizador, Luis Fernando Heredia \u00c1lvarez, las alumna y vicepresidenta, Marlene Guadalupe Mendoza Gonz\u00e1lez y la alumna y secretaria, Sof\u00eda Fern\u00e1ndez Valerio.<\/p>\n\n\n\n<p>Destacaron que, el XXVI Congreso Internacional de Medicina representa una importante plataforma acad\u00e9mica para la actualizaci\u00f3n m\u00e9dica y el desarrollo de habilidades cl\u00ednicas en el \u00e1rea de emergencias, a trav\u00e9s de talleres pr\u00e1cticos, conferencias especializadas y actividades cient\u00edficas.<\/p>\n\n\n\n<p>Compartieron que, se abordar\u00e1n m\u00faltiples tem\u00e1ticas de la medicina relacionadas con urgencias y cuidados cr\u00edticos, incluyendo cirug\u00eda general, ginecolog\u00eda, pediatr\u00eda, neurolog\u00eda, oftalmolog\u00eda, medicina cr\u00edtica y medicina de urgencias, asimismo, se contemplan talleres pr\u00e1cticos sobre procedimientos y manejo inicial de diversas emergencias, tales como reanimaci\u00f3n cardiopulmonar, intubaci\u00f3n orotraqueal, manejo del paciente en choque, control avanzado de hemorragias, crisis convulsivas, sepsis, s\u00edndrome de dificultad respiratoria aguda, hemorragia obst\u00e9trica y trauma, entre otros.<\/p>\n\n\n\n<p>Adem\u00e1s, \u00c9tica de la Inteligencia Artificial en la educaci\u00f3n, ciencia y comunicaci\u00f3n; Quehacer universitario con perspectivas de g\u00e9nero; Retos \u00e9ticos para la educaci\u00f3n e investigaci\u00f3n cient\u00edfica, social y cultural en un mundo globalizado e intercultural y Alcances \u00e9ticos en la diversidad sexogen\u00e9rica, inclusi\u00f3n e igualdad.<\/p>\n\n\n\n<p>El programa acad\u00e9mico en los primeros dos d\u00edas desarrollar\u00e1 talleres te\u00f3ricos y pr\u00e1cticos, enfocados en habilidades cl\u00ednicas esenciales para el manejo de situaciones cr\u00edticas, posteriormente, del jueves al s\u00e1bado se realizar\u00e1n ponencias impartidas por especialistas, adem\u00e1s de actividades acad\u00e9micas como concursos de carteles cient\u00edficos y din\u00e1micas acad\u00e9micas<\/p>\n\n\n\n<p>Para m\u00e1s informaci\u00f3n, los interesados pueden enviar un mensaje directo a trav\u00e9s de las redes sociales del congreso: Facebook XXVI CIM Emergencias M\u00e9dicas e Instagram xxvicimenergencias, el costo es del kit acad\u00e9mico es de $400 pesos y para el kit acad\u00e9mico m\u00e1s eventos sociales $850, ambos incluyen constancia con valor curricular.<\/p>\n","protected":false},"excerpt":{"rendered":"<p>TORRE\u00d3N, Coahuila. 9 de marzo de 2026. La Facultad de Medicina de la Universidad Aut\u00f3noma de Coahuila Unidad Laguna, invita al XXVI Congreso Internacional de Medicina: \u201cEmergencias M\u00e9dicas, Retos, Respuestas y Realidades\u201d, que se llevar\u00e1 a cabo en Ciudad Universitaria Campus del 17 al 21 de marzo. Este congreso est\u00e1 dirigido principalmente a m\u00e9dicos en [&hellip;]<\/p>\n","protected":false},"author":1,"featured_media":29736,"comment_status":"open","ping_status":"open","sticky":false,"template":"","format":"standard","meta":{"_monsterinsights_skip_tracking":false,"_monsterinsights_sitenote_active":false,"_monsterinsights_sitenote_note":"","_monsterinsights_sitenote_category":0,"footnotes":""},"categories":[1],"tags":[],"_links":{"self":[{"href":"https:\/\/zonalimitrofe-cbnr.com\/index.php\/wp-json\/wp\/v2\/posts\/29735"}],"collection":[{"href":"https:\/\/zonalimitrofe-cbnr.com\/index.php\/wp-json\/wp\/v2\/posts"}],"about":[{"href":"https:\/\/zonalimitrofe-cbnr.com\/index.php\/wp-json\/wp\/v2\/types\/post"}],"author":[{"embeddable":true,"href":"https:\/\/zonalimitrofe-cbnr.com\/index.php\/wp-json\/wp\/v2\/users\/1"}],"replies":[{"embeddable":true,"href":"https:\/\/zonalimitrofe-cbnr.com\/index.php\/wp-json\/wp\/v2\/comments?post=29735"}],"version-history":[{"count":1,"href":"https:\/\/zonalimitrofe-cbnr.com\/index.php\/wp-json\/wp\/v2\/posts\/29735\/revisions"}],"predecessor-version":[{"id":29737,"href":"https:\/\/zonalimitrofe-cbnr.com\/index.php\/wp-json\/wp\/v2\/posts\/29735\/revisions\/29737"}],"wp:featuredmedia":[{"embeddable":true,"href":"https:\/\/zonalimitrofe-cbnr.com\/index.php\/wp-json\/wp\/v2\/media\/29736"}],"wp:attachment":[{"href":"https:\/\/zonalimitrofe-cbnr.com\/index.php\/wp-json\/wp\/v2\/media?parent=29735"}],"wp:term":[{"taxonomy":"category","embeddable":true,"href":"https:\/\/zonalimitrofe-cbnr.com\/index.php\/wp-json\/wp\/v2\/categories?post=29735"},{"taxonomy":"post_tag","embeddable":true,"href":"https:\/\/zonalimitrofe-cbnr.com\/index.php\/wp-json\/wp\/v2\/tags?post=29735"}],"curies":[{"name":"wp","href":"https:\/\/api.w.org\/{rel}","templated":true}]}}