{"id":29698,"date":"2026-03-07T18:08:25","date_gmt":"2026-03-08T00:08:25","guid":{"rendered":"https:\/\/zonalimitrofe-cbnr.com\/?p=29698"},"modified":"2026-03-07T18:08:26","modified_gmt":"2026-03-08T00:08:26","slug":"torreon-invitan-a-participar-en-el-taller-raices-y-alas-reconectando-contigo-misma","status":"publish","type":"post","link":"https:\/\/zonalimitrofe-cbnr.com\/index.php\/2026\/03\/07\/torreon-invitan-a-participar-en-el-taller-raices-y-alas-reconectando-contigo-misma\/","title":{"rendered":"#Torre\u00f3n. Invitan a participar en el taller \u201cRa\u00edces y alas: reconectando contigo misma\u201d"},"content":{"rendered":"\n<p>Torre\u00f3n, Coahuila a 07 de marzo de 2026<\/p>\n\n\n\n<p>En el marco de la conmemoraci\u00f3n del D\u00eda Internacional de la Mujer, la Direcci\u00f3n de Salud P\u00fablica Municipal llevar\u00e1 a cabo el taller \u201cRa\u00edces y alas: reconectando contigo misma\u201d.<\/p>\n\n\n\n<p>El director de la dependencia, Jos\u00e9 Manuel Riveroll Duarte, inform\u00f3 que esta iniciativa est\u00e1 dirigida a mujeres mayores de edad interesadas en reconectar con su esencia, fortalecer su autoestima y generar procesos de reflexi\u00f3n que contribuyan a su crecimiento personal.<\/p>\n\n\n\n<p>Se\u00f1al\u00f3 que el taller pretende ser un espacio seguro y de acompa\u00f1amiento, en el que se fomente el respeto, la confianza y la sororidad, propiciando el intercambio de experiencias y el aprendizaje colectivo.<\/p>\n\n\n\n<p>Destac\u00f3 que la salud emocional es un componente fundamental del bienestar general, por lo que la dependencia impulsa estrategias que permitan atender de manera preventiva y formativa las necesidades de la poblaci\u00f3n femenina.<\/p>\n\n\n\n<p>En este sentido, el taller brindar\u00e1 herramientas orientadas al autocuidado, la identificaci\u00f3n de fortalezas personales y la construcci\u00f3n de redes de apoyo que favorezcan una vida m\u00e1s plena y equilibrada.<\/p>\n\n\n\n<p>Asimismo, subray\u00f3 que estas actividades son parte de las acciones de la Administraci\u00f3n Municipal del alcalde Rom\u00e1n Alberto Cepeda Gonz\u00e1lez, encaminadas a promover la equidad de g\u00e9nero, y a generar espacios que contribuyan al empoderamiento de las mujeres.<\/p>\n\n\n\n<p>El taller dar\u00e1 inicio el lunes 9 de marzo a las 11:00 horas, en las instalaciones de la Direcci\u00f3n de Salud P\u00fablica Municipal ubicadas en avenida Ocampo 1167 poniente, colonia Centro.<\/p>\n\n\n\n<p>La cuota de recuperaci\u00f3n ser\u00e1 de 62 pesos por sesi\u00f3n, con el prop\u00f3sito de mantener un esquema accesible que facilite la participaci\u00f3n de quienes deseen integrarse.<\/p>\n\n\n\n<p>Las interesadas podr\u00e1n solicitar mayores informes e inscribirse comunic\u00e1ndose al tel\u00e9fono 871 500 7200, o al 871 104 89 32, as\u00ed como a trav\u00e9s de la p\u00e1gina oficial: Salud P\u00fablica Municipal, en Facebook.<\/p>\n","protected":false},"excerpt":{"rendered":"<p>Torre\u00f3n, Coahuila a 07 de marzo de 2026 En el marco de la conmemoraci\u00f3n del D\u00eda Internacional de la Mujer, la Direcci\u00f3n de Salud P\u00fablica Municipal llevar\u00e1 a cabo el taller \u201cRa\u00edces y alas: reconectando contigo misma\u201d. El director de la dependencia, Jos\u00e9 Manuel Riveroll Duarte, inform\u00f3 que esta iniciativa est\u00e1 dirigida a mujeres mayores [&hellip;]<\/p>\n","protected":false},"author":1,"featured_media":29699,"comment_status":"open","ping_status":"open","sticky":false,"template":"","format":"standard","meta":{"_monsterinsights_skip_tracking":false,"_monsterinsights_sitenote_active":false,"_monsterinsights_sitenote_note":"","_monsterinsights_sitenote_category":0,"footnotes":""},"categories":[1],"tags":[],"_links":{"self":[{"href":"https:\/\/zonalimitrofe-cbnr.com\/index.php\/wp-json\/wp\/v2\/posts\/29698"}],"collection":[{"href":"https:\/\/zonalimitrofe-cbnr.com\/index.php\/wp-json\/wp\/v2\/posts"}],"about":[{"href":"https:\/\/zonalimitrofe-cbnr.com\/index.php\/wp-json\/wp\/v2\/types\/post"}],"author":[{"embeddable":true,"href":"https:\/\/zonalimitrofe-cbnr.com\/index.php\/wp-json\/wp\/v2\/users\/1"}],"replies":[{"embeddable":true,"href":"https:\/\/zonalimitrofe-cbnr.com\/index.php\/wp-json\/wp\/v2\/comments?post=29698"}],"version-history":[{"count":1,"href":"https:\/\/zonalimitrofe-cbnr.com\/index.php\/wp-json\/wp\/v2\/posts\/29698\/revisions"}],"predecessor-version":[{"id":29700,"href":"https:\/\/zonalimitrofe-cbnr.com\/index.php\/wp-json\/wp\/v2\/posts\/29698\/revisions\/29700"}],"wp:featuredmedia":[{"embeddable":true,"href":"https:\/\/zonalimitrofe-cbnr.com\/index.php\/wp-json\/wp\/v2\/media\/29699"}],"wp:attachment":[{"href":"https:\/\/zonalimitrofe-cbnr.com\/index.php\/wp-json\/wp\/v2\/media?parent=29698"}],"wp:term":[{"taxonomy":"category","embeddable":true,"href":"https:\/\/zonalimitrofe-cbnr.com\/index.php\/wp-json\/wp\/v2\/categories?post=29698"},{"taxonomy":"post_tag","embeddable":true,"href":"https:\/\/zonalimitrofe-cbnr.com\/index.php\/wp-json\/wp\/v2\/tags?post=29698"}],"curies":[{"name":"wp","href":"https:\/\/api.w.org\/{rel}","templated":true}]}}