{"id":29686,"date":"2026-03-07T17:50:36","date_gmt":"2026-03-07T23:50:36","guid":{"rendered":"https:\/\/zonalimitrofe-cbnr.com\/?p=29686"},"modified":"2026-03-07T17:50:38","modified_gmt":"2026-03-07T23:50:38","slug":"gp-feria-de-la-paz-promueve-prevencion-deporte-y-atencion-directa-a-la-comunidad","status":"publish","type":"post","link":"https:\/\/zonalimitrofe-cbnr.com\/index.php\/2026\/03\/07\/gp-feria-de-la-paz-promueve-prevencion-deporte-y-atencion-directa-a-la-comunidad\/","title":{"rendered":"#GP. Feria de la Paz promueve prevenci\u00f3n, deporte y atenci\u00f3n directa a la comunidad*"},"content":{"rendered":"\n<p>*\u2022 Gobiernos federal, estatal y municipal acercan servicios y programas a la poblaci\u00f3n*<\/p>\n\n\n\n<p>Con el objetivo de fortalecer la cercan\u00eda con la poblaci\u00f3n y atender de manera directa sus necesidades, se llev\u00f3 a cabo la Feria de la Paz, donde participaron dependencias de los tres niveles de gobierno y corporaciones de seguridad.<\/p>\n\n\n\n<p>La jornada se realiz\u00f3 siguiendo la estrategia de Atenci\u00f3n a las Causas, impulsada por la presidenta de la Rep\u00fablica, Claudia Sheinbaum, que busca fortalecer el tejido social mediante acciones de bienestar, prevenci\u00f3n y participaci\u00f3n comunitaria.<\/p>\n\n\n\n<p>Cientos de habitantes \u2014entre adultos, j\u00f3venes y ni\u00f1os\u2014 acudieron a este encuentro, donde se ofrecieron servicios gratuitos y orientaci\u00f3n por parte de dependencias del Gobierno de M\u00e9xico, del Gobierno de Durango y del Ayuntamiento que encabeza la presidenta municipal Betzab\u00e9 Mart\u00ednez Arango.<\/p>\n\n\n\n<p>En representaci\u00f3n de la alcaldesa, el secretario del Ayuntamiento, Aldo Mac\u00edas Franco, fue el encargado de declarar inaugurada la feria y destac\u00f3 que este tipo de actividades representan un espacio de esperanza, cercan\u00eda y compromiso con la ciudadan\u00eda.<\/p>\n\n\n\n<p>Durante su mensaje, se\u00f1al\u00f3 que a trav\u00e9s de esta feria las familias pudieron acceder a servicios integrales de salud, educaci\u00f3n, cultura, empleo y programas sociales, adem\u00e1s de recibir orientaci\u00f3n directa de diversas dependencias.<\/p>\n\n\n\n<p>En el evento tambi\u00e9n participaron elementos de la Guardia Nacional, as\u00ed como corporaciones de la Polic\u00eda Estatal y Municipal, quienes atendieron inquietudes de los habitantes y reforzaron los lazos de confianza con la comunidad.<\/p>\n\n\n\n<p>Uno de los programas que gener\u00f3 mayor inter\u00e9s fue Boxeando por la Paz, iniciativa promovida por la Presidencia de la Rep\u00fablica que busca acercar a ni\u00f1as, ni\u00f1os y j\u00f3venes a la pr\u00e1ctica deportiva como una alternativa para prevenir adicciones y violencia.<\/p>\n\n\n\n<p>Como parte de esta estrategia, se anunci\u00f3 que el pr\u00f3ximo 21 de marzo se realizar\u00e1 una exhibici\u00f3n de boxeo en la techumbre de la comunidad Vilma Herrera.<\/p>\n\n\n\n<p>Durante la jornada participaron dependencias municipales como Deportes, Cultura, el Instituto Municipal de la Mujer, Salud, Bienestar, Desarrollo Econ\u00f3mico y el DIF. Tambi\u00e9n se sumaron la Secretar\u00eda de Salud de Durango y el Servicio Estatal del Empleo.<\/p>\n\n\n\n<p>Asimismo, se brind\u00f3 informaci\u00f3n y registro para programas federales como J\u00f3venes Construyendo el Futuro, Leche del Bienestar, adem\u00e1s de becas y pensiones de la Secretar\u00eda de Bienestar.<\/p>\n\n\n\n<p>\u201cSigamos avanzando juntos para que la paz no sea solo un anhelo, sino una realidad cotidiana en cada colonia, comunidad, ejido y hogar de nuestro municipio\u201d, expres\u00f3 Aldo Mac\u00edas Franco al dar inicio a la Feria de la Paz, a nombre de la presidenta municipal.<\/p>\n","protected":false},"excerpt":{"rendered":"<p>*\u2022 Gobiernos federal, estatal y municipal acercan servicios y programas a la poblaci\u00f3n* Con el objetivo de fortalecer la cercan\u00eda con la poblaci\u00f3n y atender de manera directa sus necesidades, se llev\u00f3 a cabo la Feria de la Paz, donde participaron dependencias de los tres niveles de gobierno y corporaciones de seguridad. La jornada se [&hellip;]<\/p>\n","protected":false},"author":1,"featured_media":29687,"comment_status":"open","ping_status":"open","sticky":false,"template":"","format":"standard","meta":{"_monsterinsights_skip_tracking":false,"_monsterinsights_sitenote_active":false,"_monsterinsights_sitenote_note":"","_monsterinsights_sitenote_category":0,"footnotes":""},"categories":[1],"tags":[],"_links":{"self":[{"href":"https:\/\/zonalimitrofe-cbnr.com\/index.php\/wp-json\/wp\/v2\/posts\/29686"}],"collection":[{"href":"https:\/\/zonalimitrofe-cbnr.com\/index.php\/wp-json\/wp\/v2\/posts"}],"about":[{"href":"https:\/\/zonalimitrofe-cbnr.com\/index.php\/wp-json\/wp\/v2\/types\/post"}],"author":[{"embeddable":true,"href":"https:\/\/zonalimitrofe-cbnr.com\/index.php\/wp-json\/wp\/v2\/users\/1"}],"replies":[{"embeddable":true,"href":"https:\/\/zonalimitrofe-cbnr.com\/index.php\/wp-json\/wp\/v2\/comments?post=29686"}],"version-history":[{"count":1,"href":"https:\/\/zonalimitrofe-cbnr.com\/index.php\/wp-json\/wp\/v2\/posts\/29686\/revisions"}],"predecessor-version":[{"id":29688,"href":"https:\/\/zonalimitrofe-cbnr.com\/index.php\/wp-json\/wp\/v2\/posts\/29686\/revisions\/29688"}],"wp:featuredmedia":[{"embeddable":true,"href":"https:\/\/zonalimitrofe-cbnr.com\/index.php\/wp-json\/wp\/v2\/media\/29687"}],"wp:attachment":[{"href":"https:\/\/zonalimitrofe-cbnr.com\/index.php\/wp-json\/wp\/v2\/media?parent=29686"}],"wp:term":[{"taxonomy":"category","embeddable":true,"href":"https:\/\/zonalimitrofe-cbnr.com\/index.php\/wp-json\/wp\/v2\/categories?post=29686"},{"taxonomy":"post_tag","embeddable":true,"href":"https:\/\/zonalimitrofe-cbnr.com\/index.php\/wp-json\/wp\/v2\/tags?post=29686"}],"curies":[{"name":"wp","href":"https:\/\/api.w.org\/{rel}","templated":true}]}}