{"id":29675,"date":"2026-03-05T19:46:33","date_gmt":"2026-03-06T01:46:33","guid":{"rendered":"https:\/\/zonalimitrofe-cbnr.com\/?p=29675"},"modified":"2026-03-05T19:46:34","modified_gmt":"2026-03-06T01:46:34","slug":"torreon-implan-torreon-y-universidad-iberoamericana-firman-convenio-de-colaboracion-estrategica","status":"publish","type":"post","link":"https:\/\/zonalimitrofe-cbnr.com\/index.php\/2026\/03\/05\/torreon-implan-torreon-y-universidad-iberoamericana-firman-convenio-de-colaboracion-estrategica\/","title":{"rendered":"#Torre\u00f3n. IMPLAN Torre\u00f3n y Universidad Iberoamericana firman convenio de colaboraci\u00f3n estrat\u00e9gica"},"content":{"rendered":"\n<p>Torre\u00f3n, Coahuila. A 05 de marzo de 2026<\/p>\n\n\n\n<p>Con el prop\u00f3sito de fortalecer la generaci\u00f3n de conocimiento aplicado y contribuir al desarrollo estrat\u00e9gico de la ciudad, el Instituto Municipal de Planeaci\u00f3n y Competitividad de Torre\u00f3n (IMPLAN) y la Universidad Iberoamericana, firmaron esta tarde un convenio de colaboraci\u00f3n que permitir\u00e1 impulsar proyectos conjuntos en beneficio del municipio, y la formaci\u00f3n acad\u00e9mica.<\/p>\n\n\n\n<p>Eduardo Terrazas Ramos, director general del IMPLAN, explic\u00f3 que el objeto del convenio es establecer las bases mediante las cuales ambas instituciones llevar\u00e1n a cabo trabajos conjuntos de colaboraci\u00f3n, de acuerdo con sus atribuciones y competencias, promoviendo el intercambio acad\u00e9mico, t\u00e9cnico y profesional.<\/p>\n\n\n\n<p>El acuerdo fue suscrito por parte del Municipio, por el director general del IMPLAN Torre\u00f3n; y la directora de Proyectos Estrat\u00e9gicos del IMPLAN Torre\u00f3n, Frida Valeria Garc\u00eda Guti\u00e9rrez.<\/p>\n\n\n\n<p>Por parte de la Universidad, por el rector Juan Luis Hern\u00e1ndez Avenda\u00f1o; y Luis Rey Delgado Garc\u00eda, director de Vinculaci\u00f3n de la instituci\u00f3n.<\/p>\n\n\n\n<p>Terrazas Ramos se\u00f1al\u00f3 que entre las acciones contempladas en el convenio se encuentran el desarrollo conjunto de proyectos de investigaci\u00f3n y generaci\u00f3n de conocimiento aplicado; la elaboraci\u00f3n de insumos para la planeaci\u00f3n estrat\u00e9gica a trav\u00e9s de mesas de trabajo, entrevistas y otras metodolog\u00edas; la realizaci\u00f3n de conferencias, seminarios, coloquios, campa\u00f1as y eventos en temas de inter\u00e9s com\u00fan.<\/p>\n\n\n\n<p>Adem\u00e1s, dijo que la vinculaci\u00f3n con instituciones acad\u00e9micas es fundamental para fortalecer la planeaci\u00f3n con visi\u00f3n de futuro: \u201cLa colaboraci\u00f3n con la Universidad Iberoamericana Torre\u00f3n permitir\u00e1 sumar talento, conocimiento y compromiso para seguir construyendo un municipio m\u00e1s ordenado, competitivo y con mejores oportunidades para la ciudadan\u00eda\u201d.<\/p>\n\n\n\n<p>Por su parte, el rector de la Universidad Iberoamericana en Torre\u00f3n, dijo que con la firma de este convenio, los alumnos podr\u00e1n desarrollar sus proyectos, adem\u00e1s de sus pr\u00e1cticas profesionales en el IMPLAN. \u201cEs una oportunidad muy importante, ya que actualmente se cuenta con un laboratorio de urbanismo, con tres campos de estudio: Diagn\u00f3sticos sobre vocaciones de la Laguna y de Torre\u00f3n, An\u00e1lisis de problem\u00e1ticas de pol\u00edgonos, y espacios territoriales e intervenciones. Adem\u00e1s, actualmente estamos participando en la regeneraci\u00f3n del Centro Hist\u00f3rico\u201d, apunt\u00f3.<\/p>\n\n\n\n<p>Con esta firma, el IMPLAN Torre\u00f3n refrenda su compromiso a trav\u00e9s de las l\u00edneas de acci\u00f3n planteadas por la Administraci\u00f3n Municipal del alcalde Rom\u00e1n Alberto Cepeda Gonz\u00e1lez, de trabajar de manera coordinada con instituciones educativas y organismos de la sociedad, para impulsar la planeaci\u00f3n estrat\u00e9gica, la investigaci\u00f3n aplicada y el desarrollo sostenible de la ciudad.<\/p>\n","protected":false},"excerpt":{"rendered":"<p>Torre\u00f3n, Coahuila. A 05 de marzo de 2026 Con el prop\u00f3sito de fortalecer la generaci\u00f3n de conocimiento aplicado y contribuir al desarrollo estrat\u00e9gico de la ciudad, el Instituto Municipal de Planeaci\u00f3n y Competitividad de Torre\u00f3n (IMPLAN) y la Universidad Iberoamericana, firmaron esta tarde un convenio de colaboraci\u00f3n que permitir\u00e1 impulsar proyectos conjuntos en beneficio del [&hellip;]<\/p>\n","protected":false},"author":1,"featured_media":29676,"comment_status":"open","ping_status":"open","sticky":false,"template":"","format":"standard","meta":{"_monsterinsights_skip_tracking":false,"_monsterinsights_sitenote_active":false,"_monsterinsights_sitenote_note":"","_monsterinsights_sitenote_category":0,"footnotes":""},"categories":[1],"tags":[],"_links":{"self":[{"href":"https:\/\/zonalimitrofe-cbnr.com\/index.php\/wp-json\/wp\/v2\/posts\/29675"}],"collection":[{"href":"https:\/\/zonalimitrofe-cbnr.com\/index.php\/wp-json\/wp\/v2\/posts"}],"about":[{"href":"https:\/\/zonalimitrofe-cbnr.com\/index.php\/wp-json\/wp\/v2\/types\/post"}],"author":[{"embeddable":true,"href":"https:\/\/zonalimitrofe-cbnr.com\/index.php\/wp-json\/wp\/v2\/users\/1"}],"replies":[{"embeddable":true,"href":"https:\/\/zonalimitrofe-cbnr.com\/index.php\/wp-json\/wp\/v2\/comments?post=29675"}],"version-history":[{"count":1,"href":"https:\/\/zonalimitrofe-cbnr.com\/index.php\/wp-json\/wp\/v2\/posts\/29675\/revisions"}],"predecessor-version":[{"id":29677,"href":"https:\/\/zonalimitrofe-cbnr.com\/index.php\/wp-json\/wp\/v2\/posts\/29675\/revisions\/29677"}],"wp:featuredmedia":[{"embeddable":true,"href":"https:\/\/zonalimitrofe-cbnr.com\/index.php\/wp-json\/wp\/v2\/media\/29676"}],"wp:attachment":[{"href":"https:\/\/zonalimitrofe-cbnr.com\/index.php\/wp-json\/wp\/v2\/media?parent=29675"}],"wp:term":[{"taxonomy":"category","embeddable":true,"href":"https:\/\/zonalimitrofe-cbnr.com\/index.php\/wp-json\/wp\/v2\/categories?post=29675"},{"taxonomy":"post_tag","embeddable":true,"href":"https:\/\/zonalimitrofe-cbnr.com\/index.php\/wp-json\/wp\/v2\/tags?post=29675"}],"curies":[{"name":"wp","href":"https:\/\/api.w.org\/{rel}","templated":true}]}}