{"id":2941,"date":"2024-03-15T14:46:48","date_gmt":"2024-03-15T20:46:48","guid":{"rendered":"https:\/\/zonalimitrofe-cbnr.com\/?p=2941"},"modified":"2024-03-15T14:46:48","modified_gmt":"2024-03-15T20:46:48","slug":"torreon-proximo-lunes-sera-inhabil-para-personal-de-la-administracion-municipal","status":"publish","type":"post","link":"https:\/\/zonalimitrofe-cbnr.com\/index.php\/2024\/03\/15\/torreon-proximo-lunes-sera-inhabil-para-personal-de-la-administracion-municipal\/","title":{"rendered":"#Torre\u00f3n. Pr\u00f3ximo lunes ser\u00e1 inh\u00e1bil para personal de la Administraci\u00f3n Municipal"},"content":{"rendered":"\n<p><strong>Torre\u00f3n, Coahuila. A 15 de marzo de 2024<\/strong> El pr\u00f3ximo lunes 18 de marzo ser\u00e1 considerado como d\u00eda de descanso obligatorio para todo el personal de la Administraci\u00f3n P\u00fablica Municipal de Torre\u00f3n, lo anterior con motivo de la conmemoraci\u00f3n del natalicio de Benito Ju\u00e1rez. Sin embargo, como ya ha ocurrido en otros d\u00edas inh\u00e1biles o periodos vacacionales, la atenci\u00f3n al p\u00fablico no ser\u00e1 suspendida en \u00e1reas prioritarias, por lo que las direcciones de Seguridad P\u00fablica, Tr\u00e1nsito y Vialidad, Tribunal de Justicia Municipal y Protecci\u00f3n Civil y Bomberos, seguir\u00e1n operando de manera habitual. Se trata de las dependencias que por su naturaleza y por el contacto directo que mantienen con la ciudadan\u00eda todos los d\u00edas del a\u00f1o, no interrumpen sus actividades. Por otra parte, cabe se\u00f1alar que las cajas de cobro de la Presidencia Municipal, as\u00ed como el departamento de Garant\u00edas e Infracciones no estar\u00e1n en operaci\u00f3n el lunes. La ciudadan\u00eda interesada en realizar el pago del impuesto predial el pr\u00f3ximo lunes, tiene la opci\u00f3n de realizarlo en l\u00ednea en la p\u00e1gina web predial.torreon.gob.mx, tiendas de conveniencia o centros comerciales. Las actividades normales se retomar\u00e1n el pr\u00f3ximo martes 19 de abril en todas las \u00e1reas.<\/p>\n","protected":false},"excerpt":{"rendered":"<p>Torre\u00f3n, Coahuila. A 15 de marzo de 2024 El pr\u00f3ximo lunes 18 de marzo ser\u00e1 considerado como d\u00eda de descanso obligatorio para todo el personal de la Administraci\u00f3n P\u00fablica Municipal de Torre\u00f3n, lo anterior con motivo de la conmemoraci\u00f3n del natalicio de Benito Ju\u00e1rez. Sin embargo, como ya ha ocurrido en otros d\u00edas inh\u00e1biles o [&hellip;]<\/p>\n","protected":false},"author":1,"featured_media":2942,"comment_status":"open","ping_status":"open","sticky":false,"template":"","format":"standard","meta":{"_monsterinsights_skip_tracking":false,"_monsterinsights_sitenote_active":false,"_monsterinsights_sitenote_note":"","_monsterinsights_sitenote_category":0,"footnotes":""},"categories":[1],"tags":[],"_links":{"self":[{"href":"https:\/\/zonalimitrofe-cbnr.com\/index.php\/wp-json\/wp\/v2\/posts\/2941"}],"collection":[{"href":"https:\/\/zonalimitrofe-cbnr.com\/index.php\/wp-json\/wp\/v2\/posts"}],"about":[{"href":"https:\/\/zonalimitrofe-cbnr.com\/index.php\/wp-json\/wp\/v2\/types\/post"}],"author":[{"embeddable":true,"href":"https:\/\/zonalimitrofe-cbnr.com\/index.php\/wp-json\/wp\/v2\/users\/1"}],"replies":[{"embeddable":true,"href":"https:\/\/zonalimitrofe-cbnr.com\/index.php\/wp-json\/wp\/v2\/comments?post=2941"}],"version-history":[{"count":1,"href":"https:\/\/zonalimitrofe-cbnr.com\/index.php\/wp-json\/wp\/v2\/posts\/2941\/revisions"}],"predecessor-version":[{"id":2943,"href":"https:\/\/zonalimitrofe-cbnr.com\/index.php\/wp-json\/wp\/v2\/posts\/2941\/revisions\/2943"}],"wp:featuredmedia":[{"embeddable":true,"href":"https:\/\/zonalimitrofe-cbnr.com\/index.php\/wp-json\/wp\/v2\/media\/2942"}],"wp:attachment":[{"href":"https:\/\/zonalimitrofe-cbnr.com\/index.php\/wp-json\/wp\/v2\/media?parent=2941"}],"wp:term":[{"taxonomy":"category","embeddable":true,"href":"https:\/\/zonalimitrofe-cbnr.com\/index.php\/wp-json\/wp\/v2\/categories?post=2941"},{"taxonomy":"post_tag","embeddable":true,"href":"https:\/\/zonalimitrofe-cbnr.com\/index.php\/wp-json\/wp\/v2\/tags?post=2941"}],"curies":[{"name":"wp","href":"https:\/\/api.w.org\/{rel}","templated":true}]}}