{"id":2935,"date":"2024-03-15T14:38:39","date_gmt":"2024-03-15T20:38:39","guid":{"rendered":"https:\/\/zonalimitrofe-cbnr.com\/?p=2935"},"modified":"2024-03-15T14:38:39","modified_gmt":"2024-03-15T20:38:39","slug":"gp-exhortan-a-gomezpalatinos-a-no-automedicarse-ante-la-llegada-de-las-alergias","status":"publish","type":"post","link":"https:\/\/zonalimitrofe-cbnr.com\/index.php\/2024\/03\/15\/gp-exhortan-a-gomezpalatinos-a-no-automedicarse-ante-la-llegada-de-las-alergias\/","title":{"rendered":"#GP. Exhortan a gomezpalatinos a no automedicarse ante la llegada de las alergias"},"content":{"rendered":"\n<p><strong>G\u00f3mez Palacio a 15 de marzo del 2024. <\/strong>Con la llegada de la primavera se incrementan casos de alergia en la poblaci\u00f3n, ya que este fen\u00f3meno se da a medida que las temperaturas aumentan y las plantas comienzan a florecer, liberando en el aire una variedad de al\u00e9rgenos que pueden desencadenar reacciones en las personas sensibles. Jos\u00e9 Antonio Adame de Le\u00f3n, director de Salud Municipal en G\u00f3mez Palacio, explic\u00f3 que estos casos suelen confundirse con una gripe o una infecci\u00f3n respiratoria. \u201cHabr\u00e1 un incremento en los s\u00edntomas respiratorios, los cuales se manifiestan con flujo nasal, estornudos y con irritaci\u00f3n en los ojos\u201d, se\u00f1al\u00f3. Manifest\u00f3 que es fundamental detectar y tratar las alergias durante esta \u00e9poca del a\u00f1o, por lo que, ante cualquier incidencia, el exhorto a los gomezpalatinos es a no automedicarse y acudir a su sistema de salud, o bien a las propias instalaciones de Salud Municipal, ubicadas a un costado de la Presidencia para ser tratados por un especialista. Adame de Le\u00f3n dijo que las alergias por contaminaci\u00f3n suelen ser causadas por la presencia de part\u00edculas en el aire como el polvo, productos qu\u00edmicos o humo, en tanto que las causadas por el cambio de estaci\u00f3n, se dan por la liberaci\u00f3n del polen de las plantas, \u00e1rboles y pasto y se intensifican en primavera y oto\u00f1o. Por ello, es recomendable tener medidas cautelares para reducir la exposici\u00f3n a los al\u00e9rgenos y proteger la salud durante estos periodos.<\/p>\n\n\n\n<p><\/p>\n","protected":false},"excerpt":{"rendered":"<p>G\u00f3mez Palacio a 15 de marzo del 2024. Con la llegada de la primavera se incrementan casos de alergia en la poblaci\u00f3n, ya que este fen\u00f3meno se da a medida que las temperaturas aumentan y las plantas comienzan a florecer, liberando en el aire una variedad de al\u00e9rgenos que pueden desencadenar reacciones en las personas [&hellip;]<\/p>\n","protected":false},"author":1,"featured_media":2936,"comment_status":"open","ping_status":"open","sticky":false,"template":"","format":"standard","meta":{"_monsterinsights_skip_tracking":false,"_monsterinsights_sitenote_active":false,"_monsterinsights_sitenote_note":"","_monsterinsights_sitenote_category":0,"footnotes":""},"categories":[1],"tags":[],"_links":{"self":[{"href":"https:\/\/zonalimitrofe-cbnr.com\/index.php\/wp-json\/wp\/v2\/posts\/2935"}],"collection":[{"href":"https:\/\/zonalimitrofe-cbnr.com\/index.php\/wp-json\/wp\/v2\/posts"}],"about":[{"href":"https:\/\/zonalimitrofe-cbnr.com\/index.php\/wp-json\/wp\/v2\/types\/post"}],"author":[{"embeddable":true,"href":"https:\/\/zonalimitrofe-cbnr.com\/index.php\/wp-json\/wp\/v2\/users\/1"}],"replies":[{"embeddable":true,"href":"https:\/\/zonalimitrofe-cbnr.com\/index.php\/wp-json\/wp\/v2\/comments?post=2935"}],"version-history":[{"count":1,"href":"https:\/\/zonalimitrofe-cbnr.com\/index.php\/wp-json\/wp\/v2\/posts\/2935\/revisions"}],"predecessor-version":[{"id":2937,"href":"https:\/\/zonalimitrofe-cbnr.com\/index.php\/wp-json\/wp\/v2\/posts\/2935\/revisions\/2937"}],"wp:featuredmedia":[{"embeddable":true,"href":"https:\/\/zonalimitrofe-cbnr.com\/index.php\/wp-json\/wp\/v2\/media\/2936"}],"wp:attachment":[{"href":"https:\/\/zonalimitrofe-cbnr.com\/index.php\/wp-json\/wp\/v2\/media?parent=2935"}],"wp:term":[{"taxonomy":"category","embeddable":true,"href":"https:\/\/zonalimitrofe-cbnr.com\/index.php\/wp-json\/wp\/v2\/categories?post=2935"},{"taxonomy":"post_tag","embeddable":true,"href":"https:\/\/zonalimitrofe-cbnr.com\/index.php\/wp-json\/wp\/v2\/tags?post=2935"}],"curies":[{"name":"wp","href":"https:\/\/api.w.org\/{rel}","templated":true}]}}