{"id":28402,"date":"2025-12-31T21:06:25","date_gmt":"2026-01-01T03:06:25","guid":{"rendered":"https:\/\/zonalimitrofe-cbnr.com\/?p=28402"},"modified":"2025-12-31T21:06:25","modified_gmt":"2026-01-01T03:06:25","slug":"torreon-se-reforestaron-mas-de-18-mil-arboles-y-plantas-en-distintos-puntos-de-torreon","status":"publish","type":"post","link":"https:\/\/zonalimitrofe-cbnr.com\/index.php\/2025\/12\/31\/torreon-se-reforestaron-mas-de-18-mil-arboles-y-plantas-en-distintos-puntos-de-torreon\/","title":{"rendered":"#Torre\u00f3n. Se reforestaron m\u00e1s de 18 mil \u00e1rboles y plantas en distintos puntos de Torre\u00f3n"},"content":{"rendered":"\n<p>Torre\u00f3n, Coahuila. A 31 de diciembre de 2025<\/p>\n\n\n\n<p>Como parte de las acciones permanentes para mejorar el entorno urbano y fortalecer las \u00e1reas verdes del municipio, durante el presente a\u00f1o la Direcci\u00f3n General de Medio Ambiente logr\u00f3 la reforestaci\u00f3n de m\u00e1s de 18 mil 400 \u00e1rboles y plantas en distintos puntos de la ciudad.<\/p>\n\n\n\n<p>Marcelo S\u00e1nchez Adame, director de la dependencia, dio a conocer que estas acciones reafirman el compromiso de la Administraci\u00f3n Municipal del alcalde Rom\u00e1n Alberto Cepeda Gonz\u00e1lez, con el desarrollo sustentable y el bienestar de la ciudad.<\/p>\n\n\n\n<p>Agreg\u00f3 que de manera complementaria, el Vivero Municipal produjo m\u00e1s de 12 mil plantas y \u00e1rboles, los cuales han sido destinados a jornadas de reforestaci\u00f3n y a programas de mejoramiento de espacios p\u00fablicos, centros educativos, \u00e1reas verdes y vialidades principales.<\/p>\n\n\n\n<p>Indic\u00f3 que las acciones de reforestaci\u00f3n beneficiaron diversos sectores estrat\u00e9gicos del municipio como parques, plazas p\u00fablicas, camellones, avenidas, zonas industriales, \u00e1reas recreativas y colonias que requer\u00edan la recuperaci\u00f3n de \u00e1reas verdes.<\/p>\n\n\n\n<p>El funcionario inform\u00f3 que entre los sitios donde se realizaron estas labores se encuentran la Reserva Ecol\u00f3gica Sierra y Ca\u00f1\u00f3n de Jimulco, el perif\u00e9rico Ra\u00fal L\u00f3pez S\u00e1nchez, Bosque Urbano, Bosque Venustiano Carranza, Alameda Zaragoza, la calzada Col\u00f3n, Zona Industrial Mieleras, el boulevard T\u00e9cnico Milenio, Complejo Tur\u00edstico Puerto Noas, entre otros.<\/p>\n\n\n\n<p>\u201cCada acci\u00f3n realizada para mejorar la infraestructura municipal forma parte de un mismo prop\u00f3sito, darle a Torre\u00f3n las condiciones necesarias para seguir avanzando con determinaci\u00f3n, impulsando un desarrollo urbano m\u00e1s ordenado, sostenible y con mayor calidad de vida para sus habitantes\u201d, destac\u00f3.<\/p>\n\n\n\n<p>S\u00e1nchez Adame resalt\u00f3 que debido a que Torre\u00f3n cuenta con un clima muy seco semic\u00e1lido, las especies seleccionadas para la reforestaci\u00f3n fueron elegidas por su resistencia y adecuada adaptaci\u00f3n a las condiciones locales, tales como el<\/p>\n\n\n\n<p>mezquite, huizache, l\u00e1grima de San Pedro, mimbre, bugambilia, rosa laurel, entre otras especies.<\/p>\n\n\n\n<p>Asimismo, reitero que la suma de esfuerzos refrenda el compromiso de la Administraci\u00f3n Municipal con el cuidado del entorno y el desarrollo sostenible de Torre\u00f3n.<\/p>\n","protected":false},"excerpt":{"rendered":"<p>Torre\u00f3n, Coahuila. A 31 de diciembre de 2025 Como parte de las acciones permanentes para mejorar el entorno urbano y fortalecer las \u00e1reas verdes del municipio, durante el presente a\u00f1o la Direcci\u00f3n General de Medio Ambiente logr\u00f3 la reforestaci\u00f3n de m\u00e1s de 18 mil 400 \u00e1rboles y plantas en distintos puntos de la ciudad. Marcelo [&hellip;]<\/p>\n","protected":false},"author":1,"featured_media":28403,"comment_status":"open","ping_status":"open","sticky":false,"template":"","format":"standard","meta":{"_monsterinsights_skip_tracking":false,"_monsterinsights_sitenote_active":false,"_monsterinsights_sitenote_note":"","_monsterinsights_sitenote_category":0,"footnotes":""},"categories":[1],"tags":[],"_links":{"self":[{"href":"https:\/\/zonalimitrofe-cbnr.com\/index.php\/wp-json\/wp\/v2\/posts\/28402"}],"collection":[{"href":"https:\/\/zonalimitrofe-cbnr.com\/index.php\/wp-json\/wp\/v2\/posts"}],"about":[{"href":"https:\/\/zonalimitrofe-cbnr.com\/index.php\/wp-json\/wp\/v2\/types\/post"}],"author":[{"embeddable":true,"href":"https:\/\/zonalimitrofe-cbnr.com\/index.php\/wp-json\/wp\/v2\/users\/1"}],"replies":[{"embeddable":true,"href":"https:\/\/zonalimitrofe-cbnr.com\/index.php\/wp-json\/wp\/v2\/comments?post=28402"}],"version-history":[{"count":1,"href":"https:\/\/zonalimitrofe-cbnr.com\/index.php\/wp-json\/wp\/v2\/posts\/28402\/revisions"}],"predecessor-version":[{"id":28404,"href":"https:\/\/zonalimitrofe-cbnr.com\/index.php\/wp-json\/wp\/v2\/posts\/28402\/revisions\/28404"}],"wp:featuredmedia":[{"embeddable":true,"href":"https:\/\/zonalimitrofe-cbnr.com\/index.php\/wp-json\/wp\/v2\/media\/28403"}],"wp:attachment":[{"href":"https:\/\/zonalimitrofe-cbnr.com\/index.php\/wp-json\/wp\/v2\/media?parent=28402"}],"wp:term":[{"taxonomy":"category","embeddable":true,"href":"https:\/\/zonalimitrofe-cbnr.com\/index.php\/wp-json\/wp\/v2\/categories?post=28402"},{"taxonomy":"post_tag","embeddable":true,"href":"https:\/\/zonalimitrofe-cbnr.com\/index.php\/wp-json\/wp\/v2\/tags?post=28402"}],"curies":[{"name":"wp","href":"https:\/\/api.w.org\/{rel}","templated":true}]}}