{"id":28354,"date":"2025-12-28T21:44:25","date_gmt":"2025-12-29T03:44:25","guid":{"rendered":"https:\/\/zonalimitrofe-cbnr.com\/?p=28354"},"modified":"2025-12-28T21:44:25","modified_gmt":"2025-12-29T03:44:25","slug":"durango-cientos-de-familias-disfrutan-la-feria-navidena-en-un-ambiente-familiar-y-de-tradicion","status":"publish","type":"post","link":"https:\/\/zonalimitrofe-cbnr.com\/index.php\/2025\/12\/28\/durango-cientos-de-familias-disfrutan-la-feria-navidena-en-un-ambiente-familiar-y-de-tradicion\/","title":{"rendered":"#Durango. Cientos de familias disfrutan la Feria Navide\u00f1a en un ambiente familiar y de tradici\u00f3n*"},"content":{"rendered":"\n<p>* _Visitantes reconocen el esfuerzo del Gobierno del Estado para brindar espacios familiares y llenos de tradici\u00f3n._<\/p>\n\n\n\n<p>* _La Feria continuar\u00e1 hasta el 6 de enero con transporte y entrada gratuita y muchos atractivos para todos_<\/p>\n\n\n\n<p>Cientos de familias duranguenses y turistas disfrutan de la Feria Navide\u00f1a que ofrece el Gobierno del Estado, con nuevos atractivos que permiten crear momentos inolvidables en esta \u00e9poca decembrina, donde los asistentes comparten las tradicionales posadas y recorren pasillos llenos de iluminaci\u00f3n, alegr\u00eda y buenos deseos, coincidieron los visitantes.<\/p>\n\n\n\n<p>\u201cLo veo m\u00e1s organizado e iluminado, nos ha gustado mucho. Parecen cosas sencillas, pero desde la entrada se nota que est\u00e1 muy bien organizado\u201d, explic\u00f3 el visitante Samuel Hern\u00e1ndez, quien acudi\u00f3 acompa\u00f1ado de su familia. Reconoci\u00f3 que estas acciones hablan del inter\u00e9s de las autoridades y de la unidad que genera mejores resultados para que las familias disfruten de estos espacios.<\/p>\n\n\n\n<p>Por su parte, Laura Matus destac\u00f3 los diferentes espacios para convivir con la familia y las amistades, as\u00ed como el show de luces y los cuentos navide\u00f1os, los cuales consider\u00f3 muy importantes para rescatar las tradiciones, sobre todo para que las ni\u00f1as y los ni\u00f1os sigan viviendo estas celebraciones. \u201cEs magn\u00edfico, es genial; nos recibieron con ponches, dulces y galletitas. Felicito y agradezco que realicen esto para los ni\u00f1os y para todos\u201d, expres\u00f3.<\/p>\n\n\n\n<p>Roberto G\u00f3mez Cabral coment\u00f3 que su familia se reuni\u00f3 en la Feria Navide\u00f1a para disfrutar de los atractivos que ofrecen el gobernador Esteban Villegas y su esposa Marisol Rosso, en un recinto que consider\u00f3 un referente a nivel nacional. Adem\u00e1s, se\u00f1al\u00f3 que el fr\u00edo pasa a segundo plano cuando se convive y se disfruta en familia.<\/p>\n\n\n\n<p>Carina Acosta dijo quedar muy contenta con el espect\u00e1culo de luces en el Lago, donde las ni\u00f1as y los ni\u00f1os tambi\u00e9n disfrutaron de las burbujas. Comparti\u00f3 que continuar\u00e1 asistiendo al recinto con su familia para que los peque\u00f1os recorran todos los atractivos, como la pista de hielo. \u201cEst\u00e1 muy bonito, hay muchas cosas que ver\u201d, coment\u00f3.<\/p>\n\n\n\n<p>Desde el municipio de Canatl\u00e1n, M\u00e1xima Lazcano Aguirre acudi\u00f3 acompa\u00f1ada de sus nietos para que disfrutaran de los juegos, la pista de hielo y los distintos espacios de diversi\u00f3n que ofrece la Feria Navide\u00f1a. \u201cQue vengan a visitar este lugar tan bonito, para que lo conozcan los hijos, los nietos y toda la familia\u201d, invit\u00f3.<\/p>\n\n\n\n<p>De esta forma, visitantes locales y for\u00e1neos disfrutan de las luces en el Lago, la pista de hielo, el alumbrado navide\u00f1o, el nacimiento, las posadas, los juegos mec\u00e1nicos, antojitos y diversos atractivos que estar\u00e1n disponibles hasta el 6 de enero de 2026.<br><\/p>\n","protected":false},"excerpt":{"rendered":"<p>* _Visitantes reconocen el esfuerzo del Gobierno del Estado para brindar espacios familiares y llenos de tradici\u00f3n._ * _La Feria continuar\u00e1 hasta el 6 de enero con transporte y entrada gratuita y muchos atractivos para todos_ Cientos de familias duranguenses y turistas disfrutan de la Feria Navide\u00f1a que ofrece el Gobierno del Estado, con nuevos [&hellip;]<\/p>\n","protected":false},"author":1,"featured_media":28355,"comment_status":"open","ping_status":"open","sticky":false,"template":"","format":"standard","meta":{"_monsterinsights_skip_tracking":false,"_monsterinsights_sitenote_active":false,"_monsterinsights_sitenote_note":"","_monsterinsights_sitenote_category":0,"footnotes":""},"categories":[1],"tags":[],"_links":{"self":[{"href":"https:\/\/zonalimitrofe-cbnr.com\/index.php\/wp-json\/wp\/v2\/posts\/28354"}],"collection":[{"href":"https:\/\/zonalimitrofe-cbnr.com\/index.php\/wp-json\/wp\/v2\/posts"}],"about":[{"href":"https:\/\/zonalimitrofe-cbnr.com\/index.php\/wp-json\/wp\/v2\/types\/post"}],"author":[{"embeddable":true,"href":"https:\/\/zonalimitrofe-cbnr.com\/index.php\/wp-json\/wp\/v2\/users\/1"}],"replies":[{"embeddable":true,"href":"https:\/\/zonalimitrofe-cbnr.com\/index.php\/wp-json\/wp\/v2\/comments?post=28354"}],"version-history":[{"count":1,"href":"https:\/\/zonalimitrofe-cbnr.com\/index.php\/wp-json\/wp\/v2\/posts\/28354\/revisions"}],"predecessor-version":[{"id":28356,"href":"https:\/\/zonalimitrofe-cbnr.com\/index.php\/wp-json\/wp\/v2\/posts\/28354\/revisions\/28356"}],"wp:featuredmedia":[{"embeddable":true,"href":"https:\/\/zonalimitrofe-cbnr.com\/index.php\/wp-json\/wp\/v2\/media\/28355"}],"wp:attachment":[{"href":"https:\/\/zonalimitrofe-cbnr.com\/index.php\/wp-json\/wp\/v2\/media?parent=28354"}],"wp:term":[{"taxonomy":"category","embeddable":true,"href":"https:\/\/zonalimitrofe-cbnr.com\/index.php\/wp-json\/wp\/v2\/categories?post=28354"},{"taxonomy":"post_tag","embeddable":true,"href":"https:\/\/zonalimitrofe-cbnr.com\/index.php\/wp-json\/wp\/v2\/tags?post=28354"}],"curies":[{"name":"wp","href":"https:\/\/api.w.org\/{rel}","templated":true}]}}