{"id":28341,"date":"2025-12-27T17:39:45","date_gmt":"2025-12-27T23:39:45","guid":{"rendered":"https:\/\/zonalimitrofe-cbnr.com\/?p=28341"},"modified":"2025-12-27T17:39:45","modified_gmt":"2025-12-27T23:39:45","slug":"lerdo-servicios-publicos-de-lerdo-mantiene-acciones-permanentes-en-todas-sus-areas-durante-periodo-vacacional","status":"publish","type":"post","link":"https:\/\/zonalimitrofe-cbnr.com\/index.php\/2025\/12\/27\/lerdo-servicios-publicos-de-lerdo-mantiene-acciones-permanentes-en-todas-sus-areas-durante-periodo-vacacional\/","title":{"rendered":"#Lerdo. SERVICIOS P\u00daBLICOS DE LERDO MANTIENE ACCIONES PERMANENTES EN TODAS SUS \u00c1REAS DURANTE PERIODO VACACIONAL*"},"content":{"rendered":"\n<p>Lerdo, Durango, 27 de diciembre de 2025.\u2013 El Gobierno Municipal de Lerdo informa que la Direcci\u00f3n de Servicios P\u00fablicos contin\u00faa trabajando de manera permanente en cada una de sus \u00e1reas, con el objetivo de mantener en \u00f3ptimas condiciones los espacios y servicios para la ciudadan\u00eda, tanto en la zona urbana como rural.<\/p>\n\n\n\n<p>Las labores incluyen acciones de bacheo, mantenimiento de parques y jardines, recolecci\u00f3n de basura, as\u00ed como el despliegue de cuadrillas de limpieza en calles, avenidas principales y plazas p\u00fablicas, garantizando entornos limpios y seguros para las familias lerdenses.<\/p>\n\n\n\n<p>De igual forma, el \u00e1rea de Alumbrado P\u00fablico se mantiene atendiendo de manera continua los reportes de l\u00e1mparas apagadas, a fin de brindar soluci\u00f3n en el menor tiempo posible y fortalecer la seguridad en colonias y comunidades.<\/p>\n\n\n\n<p>En cuanto al Pante\u00f3n Municipal, este opera de forma normal durante el presente periodo vacacional. Como medida de orden y seguridad, el acceso vehicular se encuentra limitado, permiti\u00e9ndose \u00fanicamente en casos de cortejos f\u00fanebres.<\/p>\n\n\n\n<p>Estas acciones se realizan por instrucciones de la presidenta municipal, Susy Torrecillas, quien ha reiterado su compromiso de mantener servicios p\u00fablicos eficientes y de calidad para beneficio de toda la poblaci\u00f3n de Lerdo.<br>________________________________________<br>ATENCI\u00d3N DE SERVICIOS DURANTE TEMPORADA DECEMBRINA<\/p>\n\n\n\n<p>Durante estas fechas, la Direcci\u00f3n de Servicios P\u00fablicos contin\u00faa atendiendo de manera puntual los reportes ciudadanos, conforme a los siguientes horarios:<br>Horario de 7:00 a.m. a 2:00 p.m.<br>\u2022 Bacheo<br>\u2022 Alumbrado P\u00fablico<br>\u2022 Parques y Jardines<br>\u2022 Reforestaci\u00f3n<br>\u2022 Atenci\u00f3n y limpieza en Calzadas y Bulevares<br>Horario de 8:00 a.m. a 7:00 p.m.<br>\u2022 Pante\u00f3n Municipal<br>Recolecci\u00f3n de Basura<br>\u2022 Horario diurno: 8:00 a.m. a 7:00 p.m.<br>\u2022 Ruta nocturna en el centro de la ciudad: 6:00 p.m. a 11:00 p.m.<br>El Gobierno Municipal de Lerdo refrenda su compromiso de seguir brindando atenci\u00f3n oportuna y servicios eficientes, incluso durante el periodo vacacional.<\/p>\n","protected":false},"excerpt":{"rendered":"<p>Lerdo, Durango, 27 de diciembre de 2025.\u2013 El Gobierno Municipal de Lerdo informa que la Direcci\u00f3n de Servicios P\u00fablicos contin\u00faa trabajando de manera permanente en cada una de sus \u00e1reas, con el objetivo de mantener en \u00f3ptimas condiciones los espacios y servicios para la ciudadan\u00eda, tanto en la zona urbana como rural. Las labores incluyen [&hellip;]<\/p>\n","protected":false},"author":1,"featured_media":28342,"comment_status":"open","ping_status":"open","sticky":false,"template":"","format":"standard","meta":{"_monsterinsights_skip_tracking":false,"_monsterinsights_sitenote_active":false,"_monsterinsights_sitenote_note":"","_monsterinsights_sitenote_category":0,"footnotes":""},"categories":[1],"tags":[],"_links":{"self":[{"href":"https:\/\/zonalimitrofe-cbnr.com\/index.php\/wp-json\/wp\/v2\/posts\/28341"}],"collection":[{"href":"https:\/\/zonalimitrofe-cbnr.com\/index.php\/wp-json\/wp\/v2\/posts"}],"about":[{"href":"https:\/\/zonalimitrofe-cbnr.com\/index.php\/wp-json\/wp\/v2\/types\/post"}],"author":[{"embeddable":true,"href":"https:\/\/zonalimitrofe-cbnr.com\/index.php\/wp-json\/wp\/v2\/users\/1"}],"replies":[{"embeddable":true,"href":"https:\/\/zonalimitrofe-cbnr.com\/index.php\/wp-json\/wp\/v2\/comments?post=28341"}],"version-history":[{"count":1,"href":"https:\/\/zonalimitrofe-cbnr.com\/index.php\/wp-json\/wp\/v2\/posts\/28341\/revisions"}],"predecessor-version":[{"id":28343,"href":"https:\/\/zonalimitrofe-cbnr.com\/index.php\/wp-json\/wp\/v2\/posts\/28341\/revisions\/28343"}],"wp:featuredmedia":[{"embeddable":true,"href":"https:\/\/zonalimitrofe-cbnr.com\/index.php\/wp-json\/wp\/v2\/media\/28342"}],"wp:attachment":[{"href":"https:\/\/zonalimitrofe-cbnr.com\/index.php\/wp-json\/wp\/v2\/media?parent=28341"}],"wp:term":[{"taxonomy":"category","embeddable":true,"href":"https:\/\/zonalimitrofe-cbnr.com\/index.php\/wp-json\/wp\/v2\/categories?post=28341"},{"taxonomy":"post_tag","embeddable":true,"href":"https:\/\/zonalimitrofe-cbnr.com\/index.php\/wp-json\/wp\/v2\/tags?post=28341"}],"curies":[{"name":"wp","href":"https:\/\/api.w.org\/{rel}","templated":true}]}}