{"id":28308,"date":"2025-12-26T17:48:46","date_gmt":"2025-12-26T23:48:46","guid":{"rendered":"https:\/\/zonalimitrofe-cbnr.com\/?p=28308"},"modified":"2025-12-26T17:48:46","modified_gmt":"2025-12-26T23:48:46","slug":"durango-personal-de-salud-respalda-proyectos-de-esteban-para-fortalecer-la-atencion-medica-en-durango","status":"publish","type":"post","link":"https:\/\/zonalimitrofe-cbnr.com\/index.php\/2025\/12\/26\/durango-personal-de-salud-respalda-proyectos-de-esteban-para-fortalecer-la-atencion-medica-en-durango\/","title":{"rendered":"#Durango. Personal de salud respalda proyectos de Esteban para fortalecer la atenci\u00f3n m\u00e9dica en Durango*"},"content":{"rendered":"\n<p>\u2022 _Trabajadores reconocidos por su trayectoria destacaron el impacto de las acciones anunciadas por el Gobierno del Estado._<\/p>\n\n\n\n<p>\u2022 _Coincidieron en que la inversi\u00f3n en infraestructura y equipamiento beneficiar\u00e1 directamente a la poblaci\u00f3n._<\/p>\n\n\n\n<p>Tras el reconocimiento encabezado por el gobernador Esteban Villegas Villarreal a m\u00e1s de 500 trabajadoras y trabajadores del sector salud por sus a\u00f1os de servicio y trayectoria, personal m\u00e9dico y de enfermer\u00eda expres\u00f3 su satisfacci\u00f3n y orgullo por formar parte del sistema estatal de Salud, as\u00ed como su respaldo a los proyectos anunciados para fortalecer la atenci\u00f3n m\u00e9dica en Durango.<\/p>\n\n\n\n<p>Luz Mar\u00eda Hern\u00e1ndez Herrera, enfermera especialista con 30 a\u00f1os de servicio en la Secretar\u00eda de Salud, destac\u00f3 la relevancia de este tipo de reconocimientos y el impacto que tendr\u00e1n las acciones planteadas. \u201cMe siento muy satisfecha, muy contenta y orgullosa de pertenecer a la Secretar\u00eda de Salud; espero que los proyectos se cumplan pronto porque van a favorecer a\u00fan m\u00e1s a la poblaci\u00f3n\u201d, expres\u00f3, al agradecer el apoyo brindado por las autoridades estatales.<\/p>\n\n\n\n<p>Por su parte, Mart\u00edn Gerardo Rivera Rojas, enfermero especialista con 41 a\u00f1os de servicio y a\u00fan en activo, manifest\u00f3 su orgullo por la trayectoria alcanzada y subray\u00f3 la necesidad de fortalecer al sector. \u201cMuy bueno para el sector salud, hace mucha falta para el usuario. Que siga para adelante\u201d, se\u00f1al\u00f3 al referirse a los proyectos anunciados.<\/p>\n\n\n\n<p>El m\u00e9dico Joaqu\u00edn Fernando Guerrero L\u00f3pez, egresado de la Universidad Ju\u00e1rez del Estado de Durango y con 35 a\u00f1os de servicio, actualmente adscrito al Hospital Materno Infantil, consider\u00f3 el reconocimiento como un est\u00edmulo para el personal. \u201cMe siento muy orgulloso y agradecido; tambi\u00e9n somos parte de este servicio de salud que pertenece al estado\u201d, afirm\u00f3.<\/p>\n\n\n\n<p>Asimismo, resalt\u00f3 que la inversi\u00f3n en infraestructura es clave para garantizar servicios m\u00e9dicos de calidad. \u201cTodo lo que se haga en infraestructura es bueno; Durango requiere hospitales completos y equipados. Los trabajadores de la salud estamos comprometidos desde nuestra formaci\u00f3n con brindar el mejor servicio a nuestra gente\u201d, puntualiz\u00f3.<\/p>\n\n\n\n<p>Los testimonios coincidieron en que el reconocimiento a la trayectoria del personal de salud dignifica su labor y refuerza el compromiso conjunto entre autoridades y trabajadores para consolidar un sistema de salud m\u00e1s s\u00f3lido y cercano a las necesidades de la poblaci\u00f3n duranguense.<br><\/p>\n","protected":false},"excerpt":{"rendered":"<p>\u2022 _Trabajadores reconocidos por su trayectoria destacaron el impacto de las acciones anunciadas por el Gobierno del Estado._ \u2022 _Coincidieron en que la inversi\u00f3n en infraestructura y equipamiento beneficiar\u00e1 directamente a la poblaci\u00f3n._ Tras el reconocimiento encabezado por el gobernador Esteban Villegas Villarreal a m\u00e1s de 500 trabajadoras y trabajadores del sector salud por sus [&hellip;]<\/p>\n","protected":false},"author":1,"featured_media":28309,"comment_status":"open","ping_status":"open","sticky":false,"template":"","format":"standard","meta":{"_monsterinsights_skip_tracking":false,"_monsterinsights_sitenote_active":false,"_monsterinsights_sitenote_note":"","_monsterinsights_sitenote_category":0,"footnotes":""},"categories":[1],"tags":[],"_links":{"self":[{"href":"https:\/\/zonalimitrofe-cbnr.com\/index.php\/wp-json\/wp\/v2\/posts\/28308"}],"collection":[{"href":"https:\/\/zonalimitrofe-cbnr.com\/index.php\/wp-json\/wp\/v2\/posts"}],"about":[{"href":"https:\/\/zonalimitrofe-cbnr.com\/index.php\/wp-json\/wp\/v2\/types\/post"}],"author":[{"embeddable":true,"href":"https:\/\/zonalimitrofe-cbnr.com\/index.php\/wp-json\/wp\/v2\/users\/1"}],"replies":[{"embeddable":true,"href":"https:\/\/zonalimitrofe-cbnr.com\/index.php\/wp-json\/wp\/v2\/comments?post=28308"}],"version-history":[{"count":1,"href":"https:\/\/zonalimitrofe-cbnr.com\/index.php\/wp-json\/wp\/v2\/posts\/28308\/revisions"}],"predecessor-version":[{"id":28310,"href":"https:\/\/zonalimitrofe-cbnr.com\/index.php\/wp-json\/wp\/v2\/posts\/28308\/revisions\/28310"}],"wp:featuredmedia":[{"embeddable":true,"href":"https:\/\/zonalimitrofe-cbnr.com\/index.php\/wp-json\/wp\/v2\/media\/28309"}],"wp:attachment":[{"href":"https:\/\/zonalimitrofe-cbnr.com\/index.php\/wp-json\/wp\/v2\/media?parent=28308"}],"wp:term":[{"taxonomy":"category","embeddable":true,"href":"https:\/\/zonalimitrofe-cbnr.com\/index.php\/wp-json\/wp\/v2\/categories?post=28308"},{"taxonomy":"post_tag","embeddable":true,"href":"https:\/\/zonalimitrofe-cbnr.com\/index.php\/wp-json\/wp\/v2\/tags?post=28308"}],"curies":[{"name":"wp","href":"https:\/\/api.w.org\/{rel}","templated":true}]}}