{"id":28296,"date":"2025-12-25T15:10:05","date_gmt":"2025-12-25T21:10:05","guid":{"rendered":"https:\/\/zonalimitrofe-cbnr.com\/?p=28296"},"modified":"2025-12-25T15:24:31","modified_gmt":"2025-12-25T21:24:31","slug":"torreon-unidad-de-prevencion-social-de-la-violencia-y-cci-laguna-acuerdan-alianza-de-colaboracion","status":"publish","type":"post","link":"https:\/\/zonalimitrofe-cbnr.com\/index.php\/2025\/12\/25\/torreon-unidad-de-prevencion-social-de-la-violencia-y-cci-laguna-acuerdan-alianza-de-colaboracion\/","title":{"rendered":"#Torre\u00f3n. Unidad de Prevenci\u00f3n Social de la Violencia y CCI Laguna acuerdan alianza de colaboraci\u00f3n"},"content":{"rendered":"\n<p><strong>Torre\u00f3n, Coahuila. A 25 de diciembre de 2025<\/strong>.- Con el objetivo de dise\u00f1ar, planear, evaluar y ejecutar pol\u00edticas p\u00fablicas y estrategias integrales de prevenci\u00f3n de la violencia, se llev\u00f3 a cabo la firma de un convenio de colaboraci\u00f3n entre la Unidad de Prevenci\u00f3n Social de la Violencia del Municipio de Torre\u00f3n, y el Consejo C\u00edvico de las Instituciones (CCI) Laguna. Jos\u00e9 Armando Gonz\u00e1lez Murillo, director de la Unidad, inform\u00f3 que este acuerdo permitir\u00e1 focalizar de manera m\u00e1s eficiente las acciones relacionadas a la prevenci\u00f3n de la violencia, en las zonas donde se han identificado mayores factores de riesgo y focos de atenci\u00f3n prioritaria, garantizando as\u00ed intervenciones m\u00e1s oportunas, estrat\u00e9gicas y con mayor impacto social. A trav\u00e9s de esta alianza, se suman capacidades t\u00e9cnicas, informaci\u00f3n y experiencia para fortalecer las acciones en prevenci\u00f3n de la violencia y la incidencia delictiva, a trav\u00e9s del intercambio de informaci\u00f3n. La firma del convenio refrenda el compromiso de la Unidad de Prevenci\u00f3n Social de la Violencia y del CCI Laguna de trabajar de manera coordinada para la construcci\u00f3n de entornos m\u00e1s pac\u00edficos y seguros. \u201cSe trata de la colaboraci\u00f3n a trav\u00e9s del intercambio de informaci\u00f3n, diagn\u00f3sticos, evidencia, mapas de calor, as\u00ed como el seguimiento y evaluaci\u00f3n constante de las estrategias implementadas por el gobierno municipal\u201d, explic\u00f3 el director. Con esta colaboraci\u00f3n interinstitucional, la Administraci\u00f3n Municipal que encabeza el alcalde Rom\u00e1n Alberto Cepeda Gonz\u00e1lez, busca recuperar y fortalecer el tejido social, adem\u00e1s de fomentar la participaci\u00f3n ciudadana y generar acciones preventivas que atiendan de manera integral las causas de la violencia desde una perspectiva social y comunitaria. Por su parte, Marco Zamarripa Gonz\u00e1lez, titular del CCI Laguna, destac\u00f3 la importancia de que la informaci\u00f3n con que cuentan pueda ser de utilidad para el dise\u00f1o de estrategias en el combate a la violencia familiar, por ejemplo.  Agreg\u00f3 que se est\u00e1 trabajando en un proyecto piloto que dar\u00e1 inicio el pr\u00f3ximo a\u00f1o con el que se busca de manera preventiva reeducar a la poblaci\u00f3n masculina, con acciones que contribuyan con la reducci\u00f3n de violencia familiar.<\/p>\n","protected":false},"excerpt":{"rendered":"<p>Torre\u00f3n, Coahuila. A 25 de diciembre de 2025.- Con el objetivo de dise\u00f1ar, planear, evaluar y ejecutar pol\u00edticas p\u00fablicas y estrategias integrales de prevenci\u00f3n de la violencia, se llev\u00f3 a cabo la firma de un convenio de colaboraci\u00f3n entre la Unidad de Prevenci\u00f3n Social de la Violencia del Municipio de Torre\u00f3n, y el Consejo C\u00edvico [&hellip;]<\/p>\n","protected":false},"author":1,"featured_media":28300,"comment_status":"open","ping_status":"open","sticky":false,"template":"","format":"standard","meta":{"_monsterinsights_skip_tracking":false,"_monsterinsights_sitenote_active":false,"_monsterinsights_sitenote_note":"","_monsterinsights_sitenote_category":0,"footnotes":""},"categories":[1],"tags":[],"_links":{"self":[{"href":"https:\/\/zonalimitrofe-cbnr.com\/index.php\/wp-json\/wp\/v2\/posts\/28296"}],"collection":[{"href":"https:\/\/zonalimitrofe-cbnr.com\/index.php\/wp-json\/wp\/v2\/posts"}],"about":[{"href":"https:\/\/zonalimitrofe-cbnr.com\/index.php\/wp-json\/wp\/v2\/types\/post"}],"author":[{"embeddable":true,"href":"https:\/\/zonalimitrofe-cbnr.com\/index.php\/wp-json\/wp\/v2\/users\/1"}],"replies":[{"embeddable":true,"href":"https:\/\/zonalimitrofe-cbnr.com\/index.php\/wp-json\/wp\/v2\/comments?post=28296"}],"version-history":[{"count":2,"href":"https:\/\/zonalimitrofe-cbnr.com\/index.php\/wp-json\/wp\/v2\/posts\/28296\/revisions"}],"predecessor-version":[{"id":28301,"href":"https:\/\/zonalimitrofe-cbnr.com\/index.php\/wp-json\/wp\/v2\/posts\/28296\/revisions\/28301"}],"wp:featuredmedia":[{"embeddable":true,"href":"https:\/\/zonalimitrofe-cbnr.com\/index.php\/wp-json\/wp\/v2\/media\/28300"}],"wp:attachment":[{"href":"https:\/\/zonalimitrofe-cbnr.com\/index.php\/wp-json\/wp\/v2\/media?parent=28296"}],"wp:term":[{"taxonomy":"category","embeddable":true,"href":"https:\/\/zonalimitrofe-cbnr.com\/index.php\/wp-json\/wp\/v2\/categories?post=28296"},{"taxonomy":"post_tag","embeddable":true,"href":"https:\/\/zonalimitrofe-cbnr.com\/index.php\/wp-json\/wp\/v2\/tags?post=28296"}],"curies":[{"name":"wp","href":"https:\/\/api.w.org\/{rel}","templated":true}]}}