{"id":28284,"date":"2025-12-25T14:44:24","date_gmt":"2025-12-25T20:44:24","guid":{"rendered":"https:\/\/zonalimitrofe-cbnr.com\/?p=28284"},"modified":"2025-12-25T14:44:24","modified_gmt":"2025-12-25T20:44:24","slug":"lerdo-este-jueves-25-de-diciembre-permanecera-cerrada-la-presidencia-municipal","status":"publish","type":"post","link":"https:\/\/zonalimitrofe-cbnr.com\/index.php\/2025\/12\/25\/lerdo-este-jueves-25-de-diciembre-permanecera-cerrada-la-presidencia-municipal\/","title":{"rendered":"#Lerdo. ESTE JUEVES 25 DE DICIEMBRE PERMANECER\u00c1 CERRADA LA PRESIDENCIA MUNICIPAL*"},"content":{"rendered":"\n<p>Lerdo, 24 de diciembre 2025.\u2013 El Ayuntamiento de Lerdo informa a la ciudadan\u00eda que este jueves 25 de diciembre la Presidencia Municipal permanecer\u00e1 cerrada, con motivo del periodo correspondiente a la temporada decembrina.<\/p>\n\n\n\n<p>No obstante, por instrucciones de la Presidenta Municipal Susy Torrecillas, se mantendr\u00e1n en operaci\u00f3n las \u00e1reas estrat\u00e9gicas y de atenci\u00f3n prioritaria, entre las que se encuentran Tr\u00e1nsito y Vialidad, Seguridad P\u00fablica y Protecci\u00f3n Civil, a fin de garantizar el orden, la seguridad y la atenci\u00f3n a cualquier eventualidad que pudiera presentarse.<\/p>\n\n\n\n<p>Asimismo, se comunica que el viernes 26 se reanudar\u00e1n las actividades administrativas de la Presidencia Municipal, retomando labores todas las \u00e1reas en su horario de guardia de 9:00 de la ma\u00f1ana a 2:00 de la tarde, para continuar brindando atenci\u00f3n y servicios a la ciudadan\u00eda.<\/p>\n\n\n\n<p>El Gobierno Municipal agradece la comprensi\u00f3n de la poblaci\u00f3n y refrenda su compromiso de seguir trabajando en beneficio de las y los lerdenses.<\/p>\n","protected":false},"excerpt":{"rendered":"<p>Lerdo, 24 de diciembre 2025.\u2013 El Ayuntamiento de Lerdo informa a la ciudadan\u00eda que este jueves 25 de diciembre la Presidencia Municipal permanecer\u00e1 cerrada, con motivo del periodo correspondiente a la temporada decembrina. No obstante, por instrucciones de la Presidenta Municipal Susy Torrecillas, se mantendr\u00e1n en operaci\u00f3n las \u00e1reas estrat\u00e9gicas y de atenci\u00f3n prioritaria, entre [&hellip;]<\/p>\n","protected":false},"author":1,"featured_media":28285,"comment_status":"open","ping_status":"open","sticky":false,"template":"","format":"standard","meta":{"_monsterinsights_skip_tracking":false,"_monsterinsights_sitenote_active":false,"_monsterinsights_sitenote_note":"","_monsterinsights_sitenote_category":0,"footnotes":""},"categories":[1],"tags":[],"_links":{"self":[{"href":"https:\/\/zonalimitrofe-cbnr.com\/index.php\/wp-json\/wp\/v2\/posts\/28284"}],"collection":[{"href":"https:\/\/zonalimitrofe-cbnr.com\/index.php\/wp-json\/wp\/v2\/posts"}],"about":[{"href":"https:\/\/zonalimitrofe-cbnr.com\/index.php\/wp-json\/wp\/v2\/types\/post"}],"author":[{"embeddable":true,"href":"https:\/\/zonalimitrofe-cbnr.com\/index.php\/wp-json\/wp\/v2\/users\/1"}],"replies":[{"embeddable":true,"href":"https:\/\/zonalimitrofe-cbnr.com\/index.php\/wp-json\/wp\/v2\/comments?post=28284"}],"version-history":[{"count":1,"href":"https:\/\/zonalimitrofe-cbnr.com\/index.php\/wp-json\/wp\/v2\/posts\/28284\/revisions"}],"predecessor-version":[{"id":28286,"href":"https:\/\/zonalimitrofe-cbnr.com\/index.php\/wp-json\/wp\/v2\/posts\/28284\/revisions\/28286"}],"wp:featuredmedia":[{"embeddable":true,"href":"https:\/\/zonalimitrofe-cbnr.com\/index.php\/wp-json\/wp\/v2\/media\/28285"}],"wp:attachment":[{"href":"https:\/\/zonalimitrofe-cbnr.com\/index.php\/wp-json\/wp\/v2\/media?parent=28284"}],"wp:term":[{"taxonomy":"category","embeddable":true,"href":"https:\/\/zonalimitrofe-cbnr.com\/index.php\/wp-json\/wp\/v2\/categories?post=28284"},{"taxonomy":"post_tag","embeddable":true,"href":"https:\/\/zonalimitrofe-cbnr.com\/index.php\/wp-json\/wp\/v2\/tags?post=28284"}],"curies":[{"name":"wp","href":"https:\/\/api.w.org\/{rel}","templated":true}]}}