{"id":28277,"date":"2025-12-23T17:52:24","date_gmt":"2025-12-23T23:52:24","guid":{"rendered":"https:\/\/zonalimitrofe-cbnr.com\/?p=28277"},"modified":"2025-12-23T17:52:24","modified_gmt":"2025-12-23T23:52:24","slug":"lerdo-sapal-informa-horarios-de-atencion-por-periodo-vacacional","status":"publish","type":"post","link":"https:\/\/zonalimitrofe-cbnr.com\/index.php\/2025\/12\/23\/lerdo-sapal-informa-horarios-de-atencion-por-periodo-vacacional\/","title":{"rendered":"#Lerdo. SAPAL INFORMA HORARIOS DE ATENCI\u00d3N POR PERIODO VACACIONAL*"},"content":{"rendered":"\n<p>Lerdo, 23 de diciembre 2025.\u2013 Por indicaciones de la Presidenta Municipal Susy Carolina Torrecillas Salazar, el Sistema de Agua Potable y Alcantarillado de Lerdo (SAPAL) informa a la ciudadan\u00eda que, con motivo del periodo vacacional, el servicio de atenci\u00f3n en oficinas se brindar\u00e1 del lunes 22 de diciembre al s\u00e1bado 3 de enero, bajo un horario especial.<\/p>\n\n\n\n<p>Durante este periodo, el horario de atenci\u00f3n en oficinas del SAPAL ser\u00e1 de lunes a viernes, de 9:00 de la ma\u00f1ana a 2:00 de la tarde y s\u00e1bados de 9:00 a.m. a 1:00 p.m., permaneciendo cerrado los d\u00edas 25 de diciembre y 1 de enero.<\/p>\n\n\n\n<p>La Presidenta Susy Torrecillas reiter\u00f3 que su administraci\u00f3n busca ofrecer alternativas que faciliten la atenci\u00f3n y el cumplimiento del servicio, por lo que se invita a las y los usuarios a utilizar las opciones de pago disponibles, como el pago en l\u00ednea a trav\u00e9s del portal oficial https:\/\/lerdosapal.mx\/portal, as\u00ed como los M\u00f3dulos Multipago de Tr\u00e1nsito y Vialidad, que operan en un horario de 9:00 de la ma\u00f1ana a 9:00 de la noche.<\/p>\n\n\n\n<p>Asimismo, se recuerda que el pago del servicio tambi\u00e9n puede realizarse en tiendas Als\u00faper, hasta una semana antes del 15 de cada mes.<\/p>\n\n\n\n<p>Con estas acciones, el Gobierno Municipal de Lerdo, a trav\u00e9s del SAPAL, refrenda su compromiso de mantener una atenci\u00f3n accesible y ordenada para la ciudadan\u00eda durante el periodo vacacional.<\/p>\n","protected":false},"excerpt":{"rendered":"<p>Lerdo, 23 de diciembre 2025.\u2013 Por indicaciones de la Presidenta Municipal Susy Carolina Torrecillas Salazar, el Sistema de Agua Potable y Alcantarillado de Lerdo (SAPAL) informa a la ciudadan\u00eda que, con motivo del periodo vacacional, el servicio de atenci\u00f3n en oficinas se brindar\u00e1 del lunes 22 de diciembre al s\u00e1bado 3 de enero, bajo un [&hellip;]<\/p>\n","protected":false},"author":1,"featured_media":28278,"comment_status":"open","ping_status":"open","sticky":false,"template":"","format":"standard","meta":{"_monsterinsights_skip_tracking":false,"_monsterinsights_sitenote_active":false,"_monsterinsights_sitenote_note":"","_monsterinsights_sitenote_category":0,"footnotes":""},"categories":[1],"tags":[],"_links":{"self":[{"href":"https:\/\/zonalimitrofe-cbnr.com\/index.php\/wp-json\/wp\/v2\/posts\/28277"}],"collection":[{"href":"https:\/\/zonalimitrofe-cbnr.com\/index.php\/wp-json\/wp\/v2\/posts"}],"about":[{"href":"https:\/\/zonalimitrofe-cbnr.com\/index.php\/wp-json\/wp\/v2\/types\/post"}],"author":[{"embeddable":true,"href":"https:\/\/zonalimitrofe-cbnr.com\/index.php\/wp-json\/wp\/v2\/users\/1"}],"replies":[{"embeddable":true,"href":"https:\/\/zonalimitrofe-cbnr.com\/index.php\/wp-json\/wp\/v2\/comments?post=28277"}],"version-history":[{"count":1,"href":"https:\/\/zonalimitrofe-cbnr.com\/index.php\/wp-json\/wp\/v2\/posts\/28277\/revisions"}],"predecessor-version":[{"id":28279,"href":"https:\/\/zonalimitrofe-cbnr.com\/index.php\/wp-json\/wp\/v2\/posts\/28277\/revisions\/28279"}],"wp:featuredmedia":[{"embeddable":true,"href":"https:\/\/zonalimitrofe-cbnr.com\/index.php\/wp-json\/wp\/v2\/media\/28278"}],"wp:attachment":[{"href":"https:\/\/zonalimitrofe-cbnr.com\/index.php\/wp-json\/wp\/v2\/media?parent=28277"}],"wp:term":[{"taxonomy":"category","embeddable":true,"href":"https:\/\/zonalimitrofe-cbnr.com\/index.php\/wp-json\/wp\/v2\/categories?post=28277"},{"taxonomy":"post_tag","embeddable":true,"href":"https:\/\/zonalimitrofe-cbnr.com\/index.php\/wp-json\/wp\/v2\/tags?post=28277"}],"curies":[{"name":"wp","href":"https:\/\/api.w.org\/{rel}","templated":true}]}}