{"id":28274,"date":"2025-12-23T17:50:15","date_gmt":"2025-12-23T23:50:15","guid":{"rendered":"https:\/\/zonalimitrofe-cbnr.com\/?p=28274"},"modified":"2025-12-23T17:50:15","modified_gmt":"2025-12-23T23:50:15","slug":"durango-en-julio-se-fortalecio-la-infraestructura-en-salud-se-impulso-el-desarrollo-social-y-se-consolido-una-feria-villista-historica-en-durango","status":"publish","type":"post","link":"https:\/\/zonalimitrofe-cbnr.com\/index.php\/2025\/12\/23\/durango-en-julio-se-fortalecio-la-infraestructura-en-salud-se-impulso-el-desarrollo-social-y-se-consolido-una-feria-villista-historica-en-durango\/","title":{"rendered":"#Durango. En julio se fortaleci\u00f3 la infraestructura en salud, se impuls\u00f3 el desarrollo social y se consolid\u00f3 una Feria Villista hist\u00f3rica en Durango"},"content":{"rendered":"\n<ul>\n<li><em>La Villista 2025 reuni\u00f3 cultura, m\u00fasica, tradici\u00f3n y derrama econ\u00f3mica con eventos hist\u00f3ricos como Grupo Firme y Morat.<\/em><\/li>\n\n\n\n<li><em>La modernizaci\u00f3n del Hospital 450, el fortalecimiento del CREE y la transformaci\u00f3n urbana de Estaci\u00f3n Central marcaron un mes de resultados.<\/em><\/li>\n<\/ul>\n\n\n\n<p>Julio de 2025 fue un mes de identidad, alegr\u00eda y resultados para Durango. Con el liderazgo del gobernador Esteban Villegas Villarreal, se llev\u00f3 a cabo la Feria Nacional Francisco Villa 2025 \u201cLa Villista\u201d, consolidada como una de las celebraciones m\u00e1s importantes del norte del pa\u00eds, con conciertos de talla internacional como Morat y Grupo Firme, con la asistencia de miles de familias en un ambiente seguro y familiar.<\/p>\n\n\n\n<p>La feria integr\u00f3 m\u00e1s de 200 actividades culturales, art\u00edsticas, deportivas y ganaderas, fortaleciendo la proyecci\u00f3n tur\u00edstica y la derrama econ\u00f3mica. Como parte de esta agenda se realiz\u00f3 la Cabalgata Villista 2025, con m\u00e1s de 5 mil jinetes, la Exponencial DGO como impulso a la innovaci\u00f3n y el emprendimiento, y la Subasta Tradicional Ganadera, que alcanz\u00f3 una cifra hist\u00f3rica de 8.8 millones de pesos en beneficio de la Casa Hogar del DIF Estatal.<\/p>\n\n\n\n<p>En el 462 aniversario de la fundaci\u00f3n de Durango, el gobernador present\u00f3 la primera etapa de Estaci\u00f3n Central, el proyecto de regeneraci\u00f3n urbana que integra plazas, parque lineal, canchas deportivas y \u00e1reas de convivencia, rescatando un espacio hist\u00f3rico para el arte, la cultura y la movilidad. En este mismo mes inici\u00f3 la construcci\u00f3n de la cancha profesional con est\u00e1ndares FIFA en la Prepa Diurna, con una inversi\u00f3n de 13.5 millones de pesos, adem\u00e1s de la entrega de canchas y espacios deportivos en municipios como General Sim\u00f3n Bol\u00edvar y Lerdo.<\/p>\n\n\n\n<p>En salud y atenci\u00f3n social, el DIF Estatal, encabezado por Marisol Rosso, coloc\u00f3 a Durango a la vanguardia con la incorporaci\u00f3n de tecnolog\u00eda m\u00e9dica y rob\u00f3tica de \u00faltima generaci\u00f3n en el CREE, como los equipos BAMBINI TEENS, Amadeo y un nuevo electroencefal\u00f3grafo, fortaleciendo la rehabilitaci\u00f3n y el diagn\u00f3stico neurol\u00f3gico. En este mismo rubro, el gobernador cumpli\u00f3 con la modernizaci\u00f3n integral de los quir\u00f3fanos del Hospital General 450, con una inversi\u00f3n superior a 40 millones de pesos.<\/p>\n\n\n\n<p>En educaci\u00f3n, se garantiz\u00f3 el regreso a clases del ciclo 2025\u20132026 con la entrega gratuita de 370 mil uniformes, m\u00e1s de 210 mil paquetes de \u00fatiles escolares y uniformes tradicionales para escuelas de pueblos originarios. A la par, avanzaron obras de infraestructura educativa como el CBTA No. 3, donde se invierten m\u00e1s de 24 millones de pesos para beneficiar a m\u00e1s de 1,300 estudiantes del sector rural.<\/p>\n\n\n\n<p>El campo duranguense fue otro eje central del mes con la entrega de semilla y suplemento alimenticio en municipios como Lerdo, San Juan del R\u00edo, Pueblo Nuevo, Pe\u00f1\u00f3n Blanco y General Sim\u00f3n Bol\u00edvar, beneficiando a miles de productores y fortaleciendo la actividad agr\u00edcola y ganadera frente a la sequ\u00eda y los efectos del cambio clim\u00e1tico.<\/p>\n\n\n\n<p>Finalmente, julio reafirm\u00f3 a Durango como uno de los estados m\u00e1s seguros del pa\u00eds con la inauguraci\u00f3n del nuevo cuartel estatal de la Guardia Nacional y el fortalecimiento de la coordinaci\u00f3n interinstitucional. De acuerdo con datos del INEGI, la percepci\u00f3n de inseguridad en la capital disminuy\u00f3 10 puntos porcentuales en solo tres meses, cerrando el mes como un periodo de fiesta, trabajo y bienestar para las familias duranguenses.<\/p>\n","protected":false},"excerpt":{"rendered":"<p>Julio de 2025 fue un mes de identidad, alegr\u00eda y resultados para Durango. Con el liderazgo del gobernador Esteban Villegas Villarreal, se llev\u00f3 a cabo la Feria Nacional Francisco Villa 2025 \u201cLa Villista\u201d, consolidada como una de las celebraciones m\u00e1s importantes del norte del pa\u00eds, con conciertos de talla internacional como Morat y Grupo Firme, [&hellip;]<\/p>\n","protected":false},"author":1,"featured_media":28275,"comment_status":"open","ping_status":"open","sticky":false,"template":"","format":"standard","meta":{"_monsterinsights_skip_tracking":false,"_monsterinsights_sitenote_active":false,"_monsterinsights_sitenote_note":"","_monsterinsights_sitenote_category":0,"footnotes":""},"categories":[1],"tags":[],"_links":{"self":[{"href":"https:\/\/zonalimitrofe-cbnr.com\/index.php\/wp-json\/wp\/v2\/posts\/28274"}],"collection":[{"href":"https:\/\/zonalimitrofe-cbnr.com\/index.php\/wp-json\/wp\/v2\/posts"}],"about":[{"href":"https:\/\/zonalimitrofe-cbnr.com\/index.php\/wp-json\/wp\/v2\/types\/post"}],"author":[{"embeddable":true,"href":"https:\/\/zonalimitrofe-cbnr.com\/index.php\/wp-json\/wp\/v2\/users\/1"}],"replies":[{"embeddable":true,"href":"https:\/\/zonalimitrofe-cbnr.com\/index.php\/wp-json\/wp\/v2\/comments?post=28274"}],"version-history":[{"count":1,"href":"https:\/\/zonalimitrofe-cbnr.com\/index.php\/wp-json\/wp\/v2\/posts\/28274\/revisions"}],"predecessor-version":[{"id":28276,"href":"https:\/\/zonalimitrofe-cbnr.com\/index.php\/wp-json\/wp\/v2\/posts\/28274\/revisions\/28276"}],"wp:featuredmedia":[{"embeddable":true,"href":"https:\/\/zonalimitrofe-cbnr.com\/index.php\/wp-json\/wp\/v2\/media\/28275"}],"wp:attachment":[{"href":"https:\/\/zonalimitrofe-cbnr.com\/index.php\/wp-json\/wp\/v2\/media?parent=28274"}],"wp:term":[{"taxonomy":"category","embeddable":true,"href":"https:\/\/zonalimitrofe-cbnr.com\/index.php\/wp-json\/wp\/v2\/categories?post=28274"},{"taxonomy":"post_tag","embeddable":true,"href":"https:\/\/zonalimitrofe-cbnr.com\/index.php\/wp-json\/wp\/v2\/tags?post=28274"}],"curies":[{"name":"wp","href":"https:\/\/api.w.org\/{rel}","templated":true}]}}