{"id":28268,"date":"2025-12-23T13:12:48","date_gmt":"2025-12-23T19:12:48","guid":{"rendered":"https:\/\/zonalimitrofe-cbnr.com\/?p=28268"},"modified":"2025-12-23T13:12:48","modified_gmt":"2025-12-23T19:12:48","slug":"lerdo-proteccion-civil-habilita-albergue-temporal-ante-bajas-temperaturas-en-lerdo","status":"publish","type":"post","link":"https:\/\/zonalimitrofe-cbnr.com\/index.php\/2025\/12\/23\/lerdo-proteccion-civil-habilita-albergue-temporal-ante-bajas-temperaturas-en-lerdo\/","title":{"rendered":"#Lerdo. PROTECCI\u00d3N CIVIL HABILITA ALBERGUE TEMPORAL ANTE BAJAS TEMPERATURAS EN LERDO*"},"content":{"rendered":"\n<p>Lerdo, 23 de diciembre 2025.- Por indicaciones de la Presidenta Municipal de Lerdo, Susy Torrecillas Salazar, y ante el descenso de las temperaturas bajas que se han registrado en la regi\u00f3n, el Gobierno Municipal de Lerdo, a trav\u00e9s de la Coordinaci\u00f3n de Protecci\u00f3n Civil y Bomberos, llev\u00f3 a cabo la instalaci\u00f3n y apertura del Albergue Temporal Municipal, el cual permanecer\u00e1 habilitado durante la presente temporada invernal.<\/p>\n\n\n\n<p>El albergue se encuentra ubicado en las instalaciones del Edificio de Protecci\u00f3n Civil y Bomberos, sobre el perif\u00e9rico de la ciudad, y tiene como finalidad brindar resguardo a personas en situaci\u00f3n de vulnerabilidad, as\u00ed como a familiares de pacientes hospitalizados que requieran un espacio seguro para protegerse de las inclemencias del tiempo. En este lugar se ofrece un entorno c\u00e1lido y c\u00f3modo, permitiendo a las personas una estancia segura durante las noches de fr\u00edo.<\/p>\n\n\n\n<p>De acuerdo con el pron\u00f3stico meteorol\u00f3gico emitido por la Comisi\u00f3n Nacional del Agua (CONAGUA), se prev\u00e9 la presencia de bajas temperaturas en la regi\u00f3n, principalmente durante las madrugadas y noches, lo que incrementa el riesgo de afectaciones a la salud, sobre todo en ni\u00f1as, ni\u00f1os, adultos mayores y personas con enfermedades cr\u00f3nicas.<\/p>\n\n\n\n<p>Ante este panorama, la Coordinaci\u00f3n de Protecci\u00f3n Civil exhorta a la ciudadan\u00eda a abrigarse adecuadamente, evitar cambios bruscos de temperatura, proteger a los sectores m\u00e1s vulnerables y extremar precauciones al utilizar calentadores u objetos de calefacci\u00f3n dentro de los hogares, a fin de prevenir accidentes o intoxicaciones. Asimismo, se invita a la poblaci\u00f3n a reportar cualquier situaci\u00f3n de riesgo o a personas que requieran apoyo, comunic\u00e1ndose a la l\u00ednea directa 87 17 25 32 52 o al 911.<\/p>\n","protected":false},"excerpt":{"rendered":"<p>Lerdo, 23 de diciembre 2025.- Por indicaciones de la Presidenta Municipal de Lerdo, Susy Torrecillas Salazar, y ante el descenso de las temperaturas bajas que se han registrado en la regi\u00f3n, el Gobierno Municipal de Lerdo, a trav\u00e9s de la Coordinaci\u00f3n de Protecci\u00f3n Civil y Bomberos, llev\u00f3 a cabo la instalaci\u00f3n y apertura del Albergue [&hellip;]<\/p>\n","protected":false},"author":1,"featured_media":28269,"comment_status":"open","ping_status":"open","sticky":false,"template":"","format":"standard","meta":{"_monsterinsights_skip_tracking":false,"_monsterinsights_sitenote_active":false,"_monsterinsights_sitenote_note":"","_monsterinsights_sitenote_category":0,"footnotes":""},"categories":[1],"tags":[],"_links":{"self":[{"href":"https:\/\/zonalimitrofe-cbnr.com\/index.php\/wp-json\/wp\/v2\/posts\/28268"}],"collection":[{"href":"https:\/\/zonalimitrofe-cbnr.com\/index.php\/wp-json\/wp\/v2\/posts"}],"about":[{"href":"https:\/\/zonalimitrofe-cbnr.com\/index.php\/wp-json\/wp\/v2\/types\/post"}],"author":[{"embeddable":true,"href":"https:\/\/zonalimitrofe-cbnr.com\/index.php\/wp-json\/wp\/v2\/users\/1"}],"replies":[{"embeddable":true,"href":"https:\/\/zonalimitrofe-cbnr.com\/index.php\/wp-json\/wp\/v2\/comments?post=28268"}],"version-history":[{"count":1,"href":"https:\/\/zonalimitrofe-cbnr.com\/index.php\/wp-json\/wp\/v2\/posts\/28268\/revisions"}],"predecessor-version":[{"id":28270,"href":"https:\/\/zonalimitrofe-cbnr.com\/index.php\/wp-json\/wp\/v2\/posts\/28268\/revisions\/28270"}],"wp:featuredmedia":[{"embeddable":true,"href":"https:\/\/zonalimitrofe-cbnr.com\/index.php\/wp-json\/wp\/v2\/media\/28269"}],"wp:attachment":[{"href":"https:\/\/zonalimitrofe-cbnr.com\/index.php\/wp-json\/wp\/v2\/media?parent=28268"}],"wp:term":[{"taxonomy":"category","embeddable":true,"href":"https:\/\/zonalimitrofe-cbnr.com\/index.php\/wp-json\/wp\/v2\/categories?post=28268"},{"taxonomy":"post_tag","embeddable":true,"href":"https:\/\/zonalimitrofe-cbnr.com\/index.php\/wp-json\/wp\/v2\/tags?post=28268"}],"curies":[{"name":"wp","href":"https:\/\/api.w.org\/{rel}","templated":true}]}}