{"id":28252,"date":"2025-12-22T18:19:53","date_gmt":"2025-12-23T00:19:53","guid":{"rendered":"https:\/\/zonalimitrofe-cbnr.com\/?p=28252"},"modified":"2025-12-22T18:19:53","modified_gmt":"2025-12-23T00:19:53","slug":"torreon-servicio-de-recoleccion-de-basura-operara-de-manera-habitual-durante-la-temporada-decembrina-suspenderan-labores-el-1-de-enero","status":"publish","type":"post","link":"https:\/\/zonalimitrofe-cbnr.com\/index.php\/2025\/12\/22\/torreon-servicio-de-recoleccion-de-basura-operara-de-manera-habitual-durante-la-temporada-decembrina-suspenderan-labores-el-1-de-enero\/","title":{"rendered":"#Torre\u00f3n. Servicio de recolecci\u00f3n de basura operar\u00e1 de manera habitual durante la temporada decembrina; suspender\u00e1n labores el 1 de enero"},"content":{"rendered":"\n<p>Torre\u00f3n, Coahuila. A 22 de diciembre de 2025<\/p>\n\n\n\n<p>La Direcci\u00f3n General de Servicios P\u00fablicos Municipales informa a la ciudadan\u00eda que la recolecci\u00f3n de basura en Torre\u00f3n se llevar\u00e1 a cabo de manera habitual durante la temporada decembrina; solamente ser\u00e1 suspendida la actividad el 1 de enero de 2026.<\/p>\n\n\n\n<p>Lo anterior forma parte de las estrategias para garantizar el adecuado manejo de los residuos s\u00f3lidos y mantener en \u00f3ptimas condiciones la imagen urbana y la salud p\u00fablica.<\/p>\n\n\n\n<p>Fernando Villarreal Cu\u00e9llar, director general de Servicios P\u00fablicos Municipales, dio a conocer que la empresa concesionaria Promotora Ambiental (PASA) mantendr\u00e1 sus recorridos regulares los d\u00edas 24, 25 y 31 de diciembre, atendiendo las rutas y horarios establecidos en los distintos sectores de la ciudad.<\/p>\n\n\n\n<p>Destac\u00f3 que la \u00fanica fecha en el que no se brindar\u00e1 el servicio de recolecci\u00f3n ser\u00e1 el jueves 1 de enero de 2026, ya que este d\u00eda es considerado de descanso obligatorio de acuerdo a la Ley Federal del Trabajo.<\/p>\n\n\n\n<p>El director se\u00f1al\u00f3 que esta medida se toma de manera programada, sin afectar de manera significativa a la poblaci\u00f3n.<\/p>\n\n\n\n<p>En este sentido, exhort\u00f3 a la ciudadan\u00eda a tomar en cuenta esta informaci\u00f3n y colaborar evitando sacar la basura el d\u00eda 1 de enero, y as\u00ed evitar la acumulaci\u00f3n de residuos en la v\u00eda p\u00fablica.<\/p>\n\n\n\n<p>Villarreal Cu\u00e9llar reiter\u00f3 el compromiso de la Administraci\u00f3n Municipal del alcalde Rom\u00e1n Alberto Cepeda Gonz\u00e1lez, de seguir trabajando de manera coordinada con la ciudadan\u00eda para mantener una ciudad limpia y ordenada.<\/p>\n\n\n\n<p>Asimismo, invit\u00f3 a la poblaci\u00f3n a mantenerse informada a trav\u00e9s de las redes sociales de Facebook e Instagram como: Municipio de Torre\u00f3n.<\/p>\n","protected":false},"excerpt":{"rendered":"<p>Torre\u00f3n, Coahuila. A 22 de diciembre de 2025 La Direcci\u00f3n General de Servicios P\u00fablicos Municipales informa a la ciudadan\u00eda que la recolecci\u00f3n de basura en Torre\u00f3n se llevar\u00e1 a cabo de manera habitual durante la temporada decembrina; solamente ser\u00e1 suspendida la actividad el 1 de enero de 2026. Lo anterior forma parte de las estrategias [&hellip;]<\/p>\n","protected":false},"author":1,"featured_media":28253,"comment_status":"open","ping_status":"open","sticky":false,"template":"","format":"standard","meta":{"_monsterinsights_skip_tracking":false,"_monsterinsights_sitenote_active":false,"_monsterinsights_sitenote_note":"","_monsterinsights_sitenote_category":0,"footnotes":""},"categories":[1],"tags":[],"_links":{"self":[{"href":"https:\/\/zonalimitrofe-cbnr.com\/index.php\/wp-json\/wp\/v2\/posts\/28252"}],"collection":[{"href":"https:\/\/zonalimitrofe-cbnr.com\/index.php\/wp-json\/wp\/v2\/posts"}],"about":[{"href":"https:\/\/zonalimitrofe-cbnr.com\/index.php\/wp-json\/wp\/v2\/types\/post"}],"author":[{"embeddable":true,"href":"https:\/\/zonalimitrofe-cbnr.com\/index.php\/wp-json\/wp\/v2\/users\/1"}],"replies":[{"embeddable":true,"href":"https:\/\/zonalimitrofe-cbnr.com\/index.php\/wp-json\/wp\/v2\/comments?post=28252"}],"version-history":[{"count":1,"href":"https:\/\/zonalimitrofe-cbnr.com\/index.php\/wp-json\/wp\/v2\/posts\/28252\/revisions"}],"predecessor-version":[{"id":28254,"href":"https:\/\/zonalimitrofe-cbnr.com\/index.php\/wp-json\/wp\/v2\/posts\/28252\/revisions\/28254"}],"wp:featuredmedia":[{"embeddable":true,"href":"https:\/\/zonalimitrofe-cbnr.com\/index.php\/wp-json\/wp\/v2\/media\/28253"}],"wp:attachment":[{"href":"https:\/\/zonalimitrofe-cbnr.com\/index.php\/wp-json\/wp\/v2\/media?parent=28252"}],"wp:term":[{"taxonomy":"category","embeddable":true,"href":"https:\/\/zonalimitrofe-cbnr.com\/index.php\/wp-json\/wp\/v2\/categories?post=28252"},{"taxonomy":"post_tag","embeddable":true,"href":"https:\/\/zonalimitrofe-cbnr.com\/index.php\/wp-json\/wp\/v2\/tags?post=28252"}],"curies":[{"name":"wp","href":"https:\/\/api.w.org\/{rel}","templated":true}]}}