{"id":28234,"date":"2025-12-22T10:26:44","date_gmt":"2025-12-22T16:26:44","guid":{"rendered":"https:\/\/zonalimitrofe-cbnr.com\/?p=28234"},"modified":"2025-12-22T10:26:44","modified_gmt":"2025-12-22T16:26:44","slug":"lerdo-develan-la-presidenta-susy-torrecillas-y-el-sector-empresarial-la-monumental-nasa-lagunera","status":"publish","type":"post","link":"https:\/\/zonalimitrofe-cbnr.com\/index.php\/2025\/12\/22\/lerdo-develan-la-presidenta-susy-torrecillas-y-el-sector-empresarial-la-monumental-nasa-lagunera\/","title":{"rendered":"#Lerdo. DEVELAN LA PRESIDENTA SUSY TORRECILLAS Y EL SECTOR EMPRESARIAL LA MONUMENTAL \u2018NASA LAGUNERA*"},"content":{"rendered":"\n<p>Lerdo, 22 de diciembre 2025.- En una noche de orgullo e identidad para Lerdo, este domingo la Presidenta Municipal Susy Carolina Torrecillas Salazar encabez\u00f3 la inauguraci\u00f3n de la monumental escultura \u201cLa Nasa Lagunera\u201d, ubicada en la Rotonda Hermila Galindo, un nuevo emblema que fortalece la identidad cultural y proyecta al municipio como destino tur\u00edstico.<\/p>\n\n\n\n<p>Acompa\u00f1ada por su esposo, el exalcalde Homero Mart\u00ednez Cabrera; el fil\u00e1ntropo y empresario Christian Collier de la Marli\u00e9re; Alejandro Cabello Guerrero, de ACV Group, responsable del dise\u00f1o y ejecuci\u00f3n de la obra; la diputada Ana Mar\u00eda Dur\u00f3n; Maurice Collier de la Marli\u00e9re, fundador de la asociaci\u00f3n Lagunero Primero; y en representaci\u00f3n del gobernador del estado, Arturo Ortiz Gal\u00e1n, titular de la Unidad de Atracci\u00f3n e Inversi\u00f3n Extranjera, se llev\u00f3 a cabo la develaci\u00f3n de este significativo monumento.<\/p>\n\n\n\n<p>La Nasa Lagunera rinde homenaje a la historia y herencia del R\u00edo Nazas, celebrando la herramienta ancestral que permiti\u00f3 a los primeros pobladores de la regi\u00f3n pescar y establecerse a lo largo de sus riberas. Gracias al trabajo conjunto del Gobierno Municipal y el sector empresarial, hoy Lerdo suma un s\u00edmbolo que honra su pasado y mira al futuro.<\/p>\n\n\n\n<p>Durante su mensaje, Maurice Collier de la Marli\u00e9re destac\u00f3 que, a trav\u00e9s de la fundaci\u00f3n Lagunero Primero y la familia Collier de la Marli\u00e9re, se hizo posible la entrega de esta obra que tributa al R\u00edo Nazas.<\/p>\n\n\n\n<p>\u201cMucha gente piensa que fueron los espa\u00f1oles quienes se establecieron primero en la regi\u00f3n, pero fueron ind\u00edgenas n\u00f3madas quienes, al asentarse en las faldas del R\u00edo Nazas y utilizar este artefacto que despu\u00e9s se llam\u00f3 \u2018Nasa\u2019, lograron pescar y formar comunidades\u201d.<\/p>\n\n\n\n<p>Por su parte, la Presidenta Susy Torrecillas subray\u00f3 que este monumento brindar\u00e1 identidad a la ciudad y a toda la regi\u00f3n lagunera, y agradeci\u00f3 a la familia Collier de la Marli\u00e9re y a los escultores por hacer realidad esta obra.<\/p>\n\n\n\n<p>\u201cHoy tenemos todo para crecer. Estas bases se sentaron gracias al gobernador Esteban Alejandro Villegas y a mi esposo Homero Mart\u00ednez Cabrera, para consolidar y hacer posible la colocaci\u00f3n de este monumento\u201d.<\/p>\n\n\n\n<p>Entre aplausos y fuegos pirot\u00e9cnicos, autoridades y empresarios ascendieron a la rotonda para develar la Nasa Lagunera, dando paso tambi\u00e9n al descubrimiento de la placa conmemorativa.<\/p>\n\n\n\n<p>Finalmente, la presidenta record\u00f3 que Lerdo cuenta con grandes activos para la llegada de nuevas inversiones, y asegur\u00f3 que existen las condiciones necesarias para que el municipio contin\u00fae creciendo y transform\u00e1ndose en beneficio de todas y todos los lerdenses.<\/p>\n","protected":false},"excerpt":{"rendered":"<p>Lerdo, 22 de diciembre 2025.- En una noche de orgullo e identidad para Lerdo, este domingo la Presidenta Municipal Susy Carolina Torrecillas Salazar encabez\u00f3 la inauguraci\u00f3n de la monumental escultura \u201cLa Nasa Lagunera\u201d, ubicada en la Rotonda Hermila Galindo, un nuevo emblema que fortalece la identidad cultural y proyecta al municipio como destino tur\u00edstico. Acompa\u00f1ada [&hellip;]<\/p>\n","protected":false},"author":1,"featured_media":28235,"comment_status":"open","ping_status":"open","sticky":false,"template":"","format":"standard","meta":{"_monsterinsights_skip_tracking":false,"_monsterinsights_sitenote_active":false,"_monsterinsights_sitenote_note":"","_monsterinsights_sitenote_category":0,"footnotes":""},"categories":[1],"tags":[],"_links":{"self":[{"href":"https:\/\/zonalimitrofe-cbnr.com\/index.php\/wp-json\/wp\/v2\/posts\/28234"}],"collection":[{"href":"https:\/\/zonalimitrofe-cbnr.com\/index.php\/wp-json\/wp\/v2\/posts"}],"about":[{"href":"https:\/\/zonalimitrofe-cbnr.com\/index.php\/wp-json\/wp\/v2\/types\/post"}],"author":[{"embeddable":true,"href":"https:\/\/zonalimitrofe-cbnr.com\/index.php\/wp-json\/wp\/v2\/users\/1"}],"replies":[{"embeddable":true,"href":"https:\/\/zonalimitrofe-cbnr.com\/index.php\/wp-json\/wp\/v2\/comments?post=28234"}],"version-history":[{"count":1,"href":"https:\/\/zonalimitrofe-cbnr.com\/index.php\/wp-json\/wp\/v2\/posts\/28234\/revisions"}],"predecessor-version":[{"id":28236,"href":"https:\/\/zonalimitrofe-cbnr.com\/index.php\/wp-json\/wp\/v2\/posts\/28234\/revisions\/28236"}],"wp:featuredmedia":[{"embeddable":true,"href":"https:\/\/zonalimitrofe-cbnr.com\/index.php\/wp-json\/wp\/v2\/media\/28235"}],"wp:attachment":[{"href":"https:\/\/zonalimitrofe-cbnr.com\/index.php\/wp-json\/wp\/v2\/media?parent=28234"}],"wp:term":[{"taxonomy":"category","embeddable":true,"href":"https:\/\/zonalimitrofe-cbnr.com\/index.php\/wp-json\/wp\/v2\/categories?post=28234"},{"taxonomy":"post_tag","embeddable":true,"href":"https:\/\/zonalimitrofe-cbnr.com\/index.php\/wp-json\/wp\/v2\/tags?post=28234"}],"curies":[{"name":"wp","href":"https:\/\/api.w.org\/{rel}","templated":true}]}}