{"id":28222,"date":"2025-12-21T20:50:19","date_gmt":"2025-12-22T02:50:19","guid":{"rendered":"https:\/\/zonalimitrofe-cbnr.com\/?p=28222"},"modified":"2025-12-21T20:50:19","modified_gmt":"2025-12-22T02:50:19","slug":"gp-gomez-palacio-honra-a-su-gente-betzabe-martinez-entrega-la-presea-santiago-lavin-cuadra-en-el-120-aniversario-de-la-ciudad","status":"publish","type":"post","link":"https:\/\/zonalimitrofe-cbnr.com\/index.php\/2025\/12\/21\/gp-gomez-palacio-honra-a-su-gente-betzabe-martinez-entrega-la-presea-santiago-lavin-cuadra-en-el-120-aniversario-de-la-ciudad\/","title":{"rendered":"#GP. \u201cG\u00f3mez Palacio honra a su gente\u201d: Betzab\u00e9 Mart\u00ednez entrega la Presea Santiago Lav\u00edn Cuadra en el 120 aniversario de la ciudad*"},"content":{"rendered":"\n<p>\u2022 En el marco del 120 aniversario de G\u00f3mez Palacio, la presidenta municipal encabez\u00f3 la entrega del m\u00e1ximo reconocimiento a ciudadanos y organizaciones ejemplares.<\/p>\n\n\n\n<p>\u2022 La Presea Ancla \u201cSantiago Lav\u00edn Cuadra\u201d distingue aportaciones en \u00e1mbitos como educaci\u00f3n, cultura, medio ambiente, inclusi\u00f3n, valores ciudadanos y desarrollo econ\u00f3mico.<\/p>\n\n\n\n<p>En el marco de la celebraci\u00f3n por los 120 a\u00f1os de G\u00f3mez Palacio, autoridades municipales reconocieron a ciudadanos y organizaciones que han contribuido al desarrollo social, cultural y humano del municipio.<br>En el marco del 120 aniversario de G\u00f3mez Palacio, la presidenta municipal, Betzab\u00e9 Mart\u00ednez Arango, encabez\u00f3 la entrega de la Presea Ancla \u201cSantiago Lav\u00edn Cuadra\u201d, m\u00e1ximo reconocimiento que otorga el municipio a ciudadanos y organizaciones que se han distinguido por su servicio, compromiso y aportaciones al desarrollo y progreso de la ciudad.<\/p>\n\n\n\n<p>La ceremonia se llev\u00f3 a cabo en la Casa Faya, inmueble emblem\u00e1tico por su valor hist\u00f3rico y arquitect\u00f3nico, y fue organizada por el Ayuntamiento de G\u00f3mez Palacio en coordinaci\u00f3n con la asociaci\u00f3n civil Unidos por G\u00f3mez Palacio, bajo la direcci\u00f3n de la Junta Municipal de Acci\u00f3n C\u00edvica, presidida por Omar Ceballos.<\/p>\n\n\n\n<p>Durante su mensaje, la alcaldesa subray\u00f3 que este reconocimiento no solo distingue trayectorias individuales, sino que reafirma la identidad y los valores de la ciudad:<\/p>\n\n\n\n<p>\u201cHoy, en un aniversario tan significativo, reconocemos a quienes representan lo mejor de nosotros. La Presea Santiago Lav\u00edn Cuadra es un reconocimiento, pero tambi\u00e9n un mensaje claro y poderoso: G\u00f3mez Palacio honra a su gente. Esta ciudad no olvida a quienes han contribuido a su desarrollo social, cultural, econ\u00f3mico y humano. Aqu\u00ed el m\u00e9rito, el compromiso y los valores s\u00ed cuentan\u201d.<\/p>\n\n\n\n<p>Acompa\u00f1ada por integrantes del Cabildo y representantes de la sociedad civil, Betzab\u00e9 Mart\u00ednez entreg\u00f3 personalmente las preseas a Ra\u00fal Mu\u00f1oz de Le\u00f3n, compositor del corrido de G\u00f3mez Palacio; Roberto Mu\u00f1oz del R\u00edo, por su compromiso con el medio ambiente; Brenda Janeth Ortiz, en la categor\u00eda de Valores Ciudadanos; y a la Fundaci\u00f3n Comunidad Asperger A.C., por su labor en la categor\u00eda de Diversidad, Equidad e Inclusi\u00f3n.<\/p>\n\n\n\n<p>Asimismo, fueron reconocidos Mois\u00e9s Ibarra de la Torre, en la categor\u00eda de Desarrollo Econ\u00f3mico; Erika Lizbeth Moreno, por su destacada labor en educaci\u00f3n especial para infantes con discapacidad; y Martha Elena Webb, \u201cMiss Pecky\u201d, directora del Colegio San Roberto, ambas en la categor\u00eda de Educaci\u00f3n. En Arte y Cultura, la presea de Ciudadano Distinguido fue otorgada al artista pl\u00e1stico Gustavo Montes.<\/p>\n\n\n\n<p>La presidenta municipal destac\u00f3 que la labor de las y los homenajeados ha dejado una huella profunda en la historia de G\u00f3mez Palacio:<\/p>\n\n\n\n<p>\u201cSon ustedes quienes nos motivan a creer en esta ciudad. Con su tenacidad por aportar, servir y construir, nos demuestran que transformar nuestro entorno es la expresi\u00f3n m\u00e1s grande de amor por nuestra tierra\u201d.<\/p>\n\n\n\n<p>Para concluir, Betzab\u00e9 Mart\u00ednez afirm\u00f3 que la transformaci\u00f3n de G\u00f3mez Palacio va m\u00e1s all\u00e1 de la obra p\u00fablica:<\/p>\n\n\n\n<p>\u201cG\u00f3mez Palacio no se transforma solo con infraestructura; se transforma con personas comprometidas, con ciudadanas y ciudadanos que entienden que el verdadero progreso es el que mejora vidas y fortalece a la comunidad\u201d.<\/p>\n","protected":false},"excerpt":{"rendered":"<p>\u2022 En el marco del 120 aniversario de G\u00f3mez Palacio, la presidenta municipal encabez\u00f3 la entrega del m\u00e1ximo reconocimiento a ciudadanos y organizaciones ejemplares. \u2022 La Presea Ancla \u201cSantiago Lav\u00edn Cuadra\u201d distingue aportaciones en \u00e1mbitos como educaci\u00f3n, cultura, medio ambiente, inclusi\u00f3n, valores ciudadanos y desarrollo econ\u00f3mico. En el marco de la celebraci\u00f3n por los 120 [&hellip;]<\/p>\n","protected":false},"author":1,"featured_media":28223,"comment_status":"open","ping_status":"open","sticky":false,"template":"","format":"standard","meta":{"_monsterinsights_skip_tracking":false,"_monsterinsights_sitenote_active":false,"_monsterinsights_sitenote_note":"","_monsterinsights_sitenote_category":0,"footnotes":""},"categories":[1],"tags":[],"_links":{"self":[{"href":"https:\/\/zonalimitrofe-cbnr.com\/index.php\/wp-json\/wp\/v2\/posts\/28222"}],"collection":[{"href":"https:\/\/zonalimitrofe-cbnr.com\/index.php\/wp-json\/wp\/v2\/posts"}],"about":[{"href":"https:\/\/zonalimitrofe-cbnr.com\/index.php\/wp-json\/wp\/v2\/types\/post"}],"author":[{"embeddable":true,"href":"https:\/\/zonalimitrofe-cbnr.com\/index.php\/wp-json\/wp\/v2\/users\/1"}],"replies":[{"embeddable":true,"href":"https:\/\/zonalimitrofe-cbnr.com\/index.php\/wp-json\/wp\/v2\/comments?post=28222"}],"version-history":[{"count":1,"href":"https:\/\/zonalimitrofe-cbnr.com\/index.php\/wp-json\/wp\/v2\/posts\/28222\/revisions"}],"predecessor-version":[{"id":28224,"href":"https:\/\/zonalimitrofe-cbnr.com\/index.php\/wp-json\/wp\/v2\/posts\/28222\/revisions\/28224"}],"wp:featuredmedia":[{"embeddable":true,"href":"https:\/\/zonalimitrofe-cbnr.com\/index.php\/wp-json\/wp\/v2\/media\/28223"}],"wp:attachment":[{"href":"https:\/\/zonalimitrofe-cbnr.com\/index.php\/wp-json\/wp\/v2\/media?parent=28222"}],"wp:term":[{"taxonomy":"category","embeddable":true,"href":"https:\/\/zonalimitrofe-cbnr.com\/index.php\/wp-json\/wp\/v2\/categories?post=28222"},{"taxonomy":"post_tag","embeddable":true,"href":"https:\/\/zonalimitrofe-cbnr.com\/index.php\/wp-json\/wp\/v2\/tags?post=28222"}],"curies":[{"name":"wp","href":"https:\/\/api.w.org\/{rel}","templated":true}]}}