{"id":28219,"date":"2025-12-21T20:41:41","date_gmt":"2025-12-22T02:41:41","guid":{"rendered":"https:\/\/zonalimitrofe-cbnr.com\/?p=28219"},"modified":"2025-12-21T20:41:42","modified_gmt":"2025-12-22T02:41:42","slug":"lerdo-con-callejoneada-navidena-concluyo-el-festival-como-la-laguna-ninguna-en-lerdo","status":"publish","type":"post","link":"https:\/\/zonalimitrofe-cbnr.com\/index.php\/2025\/12\/21\/lerdo-con-callejoneada-navidena-concluyo-el-festival-como-la-laguna-ninguna-en-lerdo\/","title":{"rendered":"#Lerdo. CON CALLEJONEADA NAVIDE\u00d1A CONCLUY\u00d3 EL FESTIVAL \u2018COMO LA LAGUNA NINGUNA\u2019 EN LERDO*"},"content":{"rendered":"\n<p>Lerdo, 21 de diciembre 2025.- En un ambiente lleno de tradici\u00f3n, m\u00fasica y esp\u00edritu navide\u00f1o, la noche del s\u00e1bado, familias lerdenses y visitantes disfrutaron del gran cierre del Festival \u201cComo la Laguna Ninguna\u201d 2025, con una colorida callejoneada, m\u00fasica lagunera, villancicos y una atractiva exhibici\u00f3n de motocicletas en el paseo Sarabia.<\/p>\n\n\n\n<p>El festival, organizado por el Gobierno del Estado de Durango con el apoyo del Municipio de Lerdo, culmin\u00f3 con una velada que reuni\u00f3 a cientos de personas, quienes adem\u00e1s de los espect\u00e1culos culturales pudieron disfrutar de la venta de alimentos, snacks y la exhibici\u00f3n de diversos art\u00edculos, fortaleciendo la convivencia familiar y el comercio local.<\/p>\n\n\n\n<p>En punto de las 17:30 horas, dio inicio la tradicional callejoneada navide\u00f1a, partiendo del Parque Victoria hacia la plaza principal. Durante el recorrido se represent\u00f3 el pasaje b\u00edblico de la huida de Jos\u00e9 y Mar\u00eda en busca de refugio previo al nacimiento del Ni\u00f1o Jes\u00fas, evocando el sentido espiritual y cultural de la temporada.<\/p>\n\n\n\n<p>La caminata fue acompa\u00f1ada por el Mariachi Tequila, que deleit\u00f3 a los asistentes con interpretaciones del g\u00e9nero regional mexicano, llenando de alegr\u00eda y emoci\u00f3n cada rinc\u00f3n del recorrido.<\/p>\n\n\n\n<p>La Presidenta Municipal Susy Carolina Torrecillas Salazar, destac\u00f3 que su administraci\u00f3n trabaja para rescatar y fortalecer las actividades culturales del municipio, con el firme prop\u00f3sito de potenciar las cualidades de Lerdo y consolidarlo como un destino tur\u00edstico, cultural y gastron\u00f3mico de referencia en la regi\u00f3n.<\/p>\n\n\n\n<p>Durante el cierre, los asistentes recorrieron el Paseo Sarabia, desde el parque Victoria hasta la plaza principal, donde pudieron apreciar la exhibici\u00f3n de motocicletas, puestos de alimentos y diversas actividades dirigidas para toda la familia.<\/p>\n\n\n\n<p>El evento cultural cont\u00f3 con la instalaci\u00f3n de dos grandes escenarios. En el parque Victoria se presentaron las agrupaciones \u201cLos Cumbieros\u201d, \u201cFuria Rebelde\u201d y el espect\u00e1culo infantil de los payasos \u201cCompitas Show\u201d, mientras que en la plaza principal se llev\u00f3 a cabo la Gala Navide\u00f1a, con la presentaci\u00f3n de villancicos y el ensamble Autora, adem\u00e1s del Ensamble Vocal y de C\u00e1mara Resonare, quienes ofrecieron un repertorio alusivo a la Navidad.<\/p>\n\n\n\n<p>Con este emotivo cierre, el Festival \u201cComo la Laguna Ninguna\u201d 2025 reafirm\u00f3 su objetivo de promover la cultura, la identidad y la convivencia familiar, dejando una grata experiencia entre la ciudadan\u00eda y visitantes.<\/p>\n","protected":false},"excerpt":{"rendered":"<p>Lerdo, 21 de diciembre 2025.- En un ambiente lleno de tradici\u00f3n, m\u00fasica y esp\u00edritu navide\u00f1o, la noche del s\u00e1bado, familias lerdenses y visitantes disfrutaron del gran cierre del Festival \u201cComo la Laguna Ninguna\u201d 2025, con una colorida callejoneada, m\u00fasica lagunera, villancicos y una atractiva exhibici\u00f3n de motocicletas en el paseo Sarabia. El festival, organizado por [&hellip;]<\/p>\n","protected":false},"author":1,"featured_media":28220,"comment_status":"open","ping_status":"open","sticky":false,"template":"","format":"standard","meta":{"_monsterinsights_skip_tracking":false,"_monsterinsights_sitenote_active":false,"_monsterinsights_sitenote_note":"","_monsterinsights_sitenote_category":0,"footnotes":""},"categories":[1],"tags":[],"_links":{"self":[{"href":"https:\/\/zonalimitrofe-cbnr.com\/index.php\/wp-json\/wp\/v2\/posts\/28219"}],"collection":[{"href":"https:\/\/zonalimitrofe-cbnr.com\/index.php\/wp-json\/wp\/v2\/posts"}],"about":[{"href":"https:\/\/zonalimitrofe-cbnr.com\/index.php\/wp-json\/wp\/v2\/types\/post"}],"author":[{"embeddable":true,"href":"https:\/\/zonalimitrofe-cbnr.com\/index.php\/wp-json\/wp\/v2\/users\/1"}],"replies":[{"embeddable":true,"href":"https:\/\/zonalimitrofe-cbnr.com\/index.php\/wp-json\/wp\/v2\/comments?post=28219"}],"version-history":[{"count":1,"href":"https:\/\/zonalimitrofe-cbnr.com\/index.php\/wp-json\/wp\/v2\/posts\/28219\/revisions"}],"predecessor-version":[{"id":28221,"href":"https:\/\/zonalimitrofe-cbnr.com\/index.php\/wp-json\/wp\/v2\/posts\/28219\/revisions\/28221"}],"wp:featuredmedia":[{"embeddable":true,"href":"https:\/\/zonalimitrofe-cbnr.com\/index.php\/wp-json\/wp\/v2\/media\/28220"}],"wp:attachment":[{"href":"https:\/\/zonalimitrofe-cbnr.com\/index.php\/wp-json\/wp\/v2\/media?parent=28219"}],"wp:term":[{"taxonomy":"category","embeddable":true,"href":"https:\/\/zonalimitrofe-cbnr.com\/index.php\/wp-json\/wp\/v2\/categories?post=28219"},{"taxonomy":"post_tag","embeddable":true,"href":"https:\/\/zonalimitrofe-cbnr.com\/index.php\/wp-json\/wp\/v2\/tags?post=28219"}],"curies":[{"name":"wp","href":"https:\/\/api.w.org\/{rel}","templated":true}]}}