{"id":28168,"date":"2025-12-19T22:02:44","date_gmt":"2025-12-20T04:02:44","guid":{"rendered":"https:\/\/zonalimitrofe-cbnr.com\/?p=28168"},"modified":"2025-12-19T22:02:45","modified_gmt":"2025-12-20T04:02:45","slug":"torreon-reconocen-a-turismo-municipal-de-torreon-en-la-toma-de-protesta-de-la-mesa-directiva-2025-2026-de-canainpa-region-laguna","status":"publish","type":"post","link":"https:\/\/zonalimitrofe-cbnr.com\/index.php\/2025\/12\/19\/torreon-reconocen-a-turismo-municipal-de-torreon-en-la-toma-de-protesta-de-la-mesa-directiva-2025-2026-de-canainpa-region-laguna\/","title":{"rendered":"#Torre\u00f3n. Reconocen a Turismo Municipal de Torre\u00f3n en la Toma de Protesta de la Mesa Directiva 2025-2026 de CANAINPA Regi\u00f3n Laguna"},"content":{"rendered":"\n<p><strong>Torre\u00f3n, Coahuila a 19 de diciembre del 2025<\/strong>.- Durante la Toma de Protesta de la Mesa Directiva 2025-2026 de la C\u00e1mara Nacional de la Industria Panificadora, Pastelera y Similares (CANAINPA) Regi\u00f3n Laguna, la Direcci\u00f3n de Turismo Municipal de Torre\u00f3n fue reconocida por la organizaci\u00f3n, gesti\u00f3n y realizaci\u00f3n del Segundo Festival del Pan Franc\u00e9s, evento que se ha consolidado como un referente tur\u00edstico y gastron\u00f3mico de la regi\u00f3n. Se reconoci\u00f3 a la Administraci\u00f3n Municipal del alcalde Rom\u00e1n Alberto Cepeda Gonz\u00e1lez a trav\u00e9s de la Direcci\u00f3n de Turismo, por su acompa\u00f1amiento, gesti\u00f3n institucional y compromiso para que el Segundo Festival del Pan Franc\u00e9s se llevara a cabo con \u00e9xito, proyectando a Torre\u00f3n como un destino gastron\u00f3mico y cultural, y fortaleciendo la cadena de valor del sector panificador. Guillermo Mart\u00ednez \u00c1vila, director de Turismo Municipal, expres\u00f3 su agradecimiento a CANAINPA Regi\u00f3n Laguna por la distinci\u00f3n, reiterando el compromiso del Gobierno Municipal de seguir trabajando de la mano con el sector empresarial. Se\u00f1al\u00f3 que la gastronom\u00eda es un pilar fundamental del turismo y una poderosa herramienta para contar la historia, las tradiciones y el talento local, por lo que eventos como el Festival del Pan Franc\u00e9s no solo impulsan la econom\u00eda, sino que generan orgullo e identidad entre la comunidad. \u201cDesde la Administraci\u00f3n Municipal y la Direcci\u00f3n de Turismo seguiremos siendo aliados del sector panificador, acompa\u00f1ando sus iniciativas, gestionando espacios y promoviendo estos productos que representan a Torre\u00f3n dentro y fuera de la regi\u00f3n. El Festival del Pan Franc\u00e9s es ya un ejemplo de c\u00f3mo, cu\u00e1ndo se trabaja en equipo, los resultados trascienden\u201d, subray\u00f3 Mart\u00ednez \u00c1vila. El presidente de CANAINPA Regi\u00f3n Laguna, Pedro \u00c1vila Aguilera, destac\u00f3 la fortaleza del gremio panificador, la importancia de la organizaci\u00f3n empresarial y la suma de voluntades con el sector p\u00fablico para impulsar proyectos que trascienden lo econ\u00f3mico y fortalecen la identidad regional, como el Festival del Pan Franc\u00e9s. La toma de protesta estuvo a cargo de Enrique Sandoval, vicepresidente de Seguridad del Consejo de la Iniciativa Privada (CLIP), quedando como integrantes de la Mesa Directiva 2025-2026: Pedro Gerardo \u00c1vila Aguilera, presidente; Hugo \u00c1vila Aguilera, vicepresidente; Ra\u00fal Morell Garc\u00eda, secretario; Eduardo Garc\u00eda \u00c1vila, tesorero; y los vocales: Bertha Virginia Barraza, Julio Antonio \u00c1vila P\u00e9rez, Lorena de la Cruz Guerra, Hugo Antonio \u00c1vila Medina, Jes\u00fas Galindo Delf\u00edn y Ra\u00fal Morell Ram\u00edrez.<\/p>\n\n\n\n<p>En la ceremonia tambi\u00e9n se entregaron reconocimientos a socios de CANAINPA por su participaci\u00f3n en el Segundo Festival del Pan Franc\u00e9s, destacando el esfuerzo colectivo que hizo posible el \u00e9xito del evento que reuni\u00f3 a m\u00e1s de 35 mil personas en la Plaza Mayor el pasado 16 de octubre.<\/p>\n","protected":false},"excerpt":{"rendered":"<p>Torre\u00f3n, Coahuila a 19 de diciembre del 2025.- Durante la Toma de Protesta de la Mesa Directiva 2025-2026 de la C\u00e1mara Nacional de la Industria Panificadora, Pastelera y Similares (CANAINPA) Regi\u00f3n Laguna, la Direcci\u00f3n de Turismo Municipal de Torre\u00f3n fue reconocida por la organizaci\u00f3n, gesti\u00f3n y realizaci\u00f3n del Segundo Festival del Pan Franc\u00e9s, evento que [&hellip;]<\/p>\n","protected":false},"author":1,"featured_media":28169,"comment_status":"open","ping_status":"open","sticky":false,"template":"","format":"standard","meta":{"_monsterinsights_skip_tracking":false,"_monsterinsights_sitenote_active":false,"_monsterinsights_sitenote_note":"","_monsterinsights_sitenote_category":0,"footnotes":""},"categories":[1],"tags":[],"_links":{"self":[{"href":"https:\/\/zonalimitrofe-cbnr.com\/index.php\/wp-json\/wp\/v2\/posts\/28168"}],"collection":[{"href":"https:\/\/zonalimitrofe-cbnr.com\/index.php\/wp-json\/wp\/v2\/posts"}],"about":[{"href":"https:\/\/zonalimitrofe-cbnr.com\/index.php\/wp-json\/wp\/v2\/types\/post"}],"author":[{"embeddable":true,"href":"https:\/\/zonalimitrofe-cbnr.com\/index.php\/wp-json\/wp\/v2\/users\/1"}],"replies":[{"embeddable":true,"href":"https:\/\/zonalimitrofe-cbnr.com\/index.php\/wp-json\/wp\/v2\/comments?post=28168"}],"version-history":[{"count":1,"href":"https:\/\/zonalimitrofe-cbnr.com\/index.php\/wp-json\/wp\/v2\/posts\/28168\/revisions"}],"predecessor-version":[{"id":28170,"href":"https:\/\/zonalimitrofe-cbnr.com\/index.php\/wp-json\/wp\/v2\/posts\/28168\/revisions\/28170"}],"wp:featuredmedia":[{"embeddable":true,"href":"https:\/\/zonalimitrofe-cbnr.com\/index.php\/wp-json\/wp\/v2\/media\/28169"}],"wp:attachment":[{"href":"https:\/\/zonalimitrofe-cbnr.com\/index.php\/wp-json\/wp\/v2\/media?parent=28168"}],"wp:term":[{"taxonomy":"category","embeddable":true,"href":"https:\/\/zonalimitrofe-cbnr.com\/index.php\/wp-json\/wp\/v2\/categories?post=28168"},{"taxonomy":"post_tag","embeddable":true,"href":"https:\/\/zonalimitrofe-cbnr.com\/index.php\/wp-json\/wp\/v2\/tags?post=28168"}],"curies":[{"name":"wp","href":"https:\/\/api.w.org\/{rel}","templated":true}]}}