{"id":28158,"date":"2025-12-18T18:26:07","date_gmt":"2025-12-19T00:26:07","guid":{"rendered":"https:\/\/zonalimitrofe-cbnr.com\/?p=28158"},"modified":"2025-12-18T18:26:07","modified_gmt":"2025-12-19T00:26:07","slug":"lerdo-exhortan-obras-publicas-y-transito-a-conducir-con-responsabilidad-por-avenida-juarez","status":"publish","type":"post","link":"https:\/\/zonalimitrofe-cbnr.com\/index.php\/2025\/12\/18\/lerdo-exhortan-obras-publicas-y-transito-a-conducir-con-responsabilidad-por-avenida-juarez\/","title":{"rendered":"#Lerdo. EXHORTAN OBRAS P\u00daBLICAS Y TR\u00c1NSITO A CONDUCIR CON RESPONSABILIDAD POR AVENIDA JU\u00c1REZ*"},"content":{"rendered":"\n<p>Lerdo, 18 de diciembre 2025.- Por instrucciones de la Presidenta Municipal, Susy Carolina Torrecillas Salazar, las direcciones de Obras P\u00fablicas y de Tr\u00e1nsito y Vialidad exhortan a la poblaci\u00f3n a conducir con responsabilidad sobre la recientemente pavimentada avenida Ju\u00e1rez, ubicada en la zona centro del municipio, una arteria fundamental para la movilidad diaria de miles de ciudadanos.<\/p>\n\n\n\n<p>Daniel Salazar Gallegos, director de Obras P\u00fablicas en el municipio, inform\u00f3 que tras el arranque de los trabajos de pavimentaci\u00f3n, encabezados por la Alcaldesa Susy Torrecillas, se gir\u00f3 la instrucci\u00f3n de agilizar las labores con el objetivo de afectar lo menos posible a los miles de conductores que transitan diariamente por esta vialidad, as\u00ed como a los habitantes directamente beneficiados.<\/p>\n\n\n\n<p>Por su parte, Francisco de Hoyos, director de Tr\u00e1nsito y Vialidad, exhort\u00f3 a los automovilistas a respetar los l\u00edmites de velocidad, los cuales en este tramo son de 30 kil\u00f3metros por hora, as\u00ed como los se\u00f1alamientos de alto preventivo en cada intersecci\u00f3n, adem\u00e1s de ceder el paso a peatones y ciclistas que circulan por la avenida.<\/p>\n\n\n\n<p>Finalmente, se\u00f1al\u00f3 que a partir del d\u00eda de ma\u00f1ana 19 de diciembre, se implementar\u00e1 de manera permanente la modalidad de cruce 1&#215;1 en la avenida Madero, en sus intersecciones con las calles Hidalgo y Guerrero, derivado de la apertura de la plaza comercial Plaza Lerdo, la cual abrir\u00e1 sus puertas al p\u00fablico este viernes.<\/p>\n","protected":false},"excerpt":{"rendered":"<p>Lerdo, 18 de diciembre 2025.- Por instrucciones de la Presidenta Municipal, Susy Carolina Torrecillas Salazar, las direcciones de Obras P\u00fablicas y de Tr\u00e1nsito y Vialidad exhortan a la poblaci\u00f3n a conducir con responsabilidad sobre la recientemente pavimentada avenida Ju\u00e1rez, ubicada en la zona centro del municipio, una arteria fundamental para la movilidad diaria de miles [&hellip;]<\/p>\n","protected":false},"author":1,"featured_media":28159,"comment_status":"open","ping_status":"open","sticky":false,"template":"","format":"standard","meta":{"_monsterinsights_skip_tracking":false,"_monsterinsights_sitenote_active":false,"_monsterinsights_sitenote_note":"","_monsterinsights_sitenote_category":0,"footnotes":""},"categories":[1],"tags":[],"_links":{"self":[{"href":"https:\/\/zonalimitrofe-cbnr.com\/index.php\/wp-json\/wp\/v2\/posts\/28158"}],"collection":[{"href":"https:\/\/zonalimitrofe-cbnr.com\/index.php\/wp-json\/wp\/v2\/posts"}],"about":[{"href":"https:\/\/zonalimitrofe-cbnr.com\/index.php\/wp-json\/wp\/v2\/types\/post"}],"author":[{"embeddable":true,"href":"https:\/\/zonalimitrofe-cbnr.com\/index.php\/wp-json\/wp\/v2\/users\/1"}],"replies":[{"embeddable":true,"href":"https:\/\/zonalimitrofe-cbnr.com\/index.php\/wp-json\/wp\/v2\/comments?post=28158"}],"version-history":[{"count":1,"href":"https:\/\/zonalimitrofe-cbnr.com\/index.php\/wp-json\/wp\/v2\/posts\/28158\/revisions"}],"predecessor-version":[{"id":28160,"href":"https:\/\/zonalimitrofe-cbnr.com\/index.php\/wp-json\/wp\/v2\/posts\/28158\/revisions\/28160"}],"wp:featuredmedia":[{"embeddable":true,"href":"https:\/\/zonalimitrofe-cbnr.com\/index.php\/wp-json\/wp\/v2\/media\/28159"}],"wp:attachment":[{"href":"https:\/\/zonalimitrofe-cbnr.com\/index.php\/wp-json\/wp\/v2\/media?parent=28158"}],"wp:term":[{"taxonomy":"category","embeddable":true,"href":"https:\/\/zonalimitrofe-cbnr.com\/index.php\/wp-json\/wp\/v2\/categories?post=28158"},{"taxonomy":"post_tag","embeddable":true,"href":"https:\/\/zonalimitrofe-cbnr.com\/index.php\/wp-json\/wp\/v2\/tags?post=28158"}],"curies":[{"name":"wp","href":"https:\/\/api.w.org\/{rel}","templated":true}]}}