{"id":28145,"date":"2025-12-18T18:12:19","date_gmt":"2025-12-19T00:12:19","guid":{"rendered":"https:\/\/zonalimitrofe-cbnr.com\/?p=28145"},"modified":"2025-12-18T18:12:20","modified_gmt":"2025-12-19T00:12:20","slug":"lerdo-susy-torrecillas-entrego-proyectos-estrategicos-en-materia-de-obra-publica-sapal-y-desarrollo-social-a-autoridades-estatales","status":"publish","type":"post","link":"https:\/\/zonalimitrofe-cbnr.com\/index.php\/2025\/12\/18\/lerdo-susy-torrecillas-entrego-proyectos-estrategicos-en-materia-de-obra-publica-sapal-y-desarrollo-social-a-autoridades-estatales\/","title":{"rendered":"#Lerdo. SUSY TORRECILLAS ENTREG\u00d3 PROYECTOS ESTRAT\u00c9GICOS EN MATERIA DE OBRA P\u00daBLICA, SAPAL Y DESARROLLO SOCIAL A AUTORIDADES ESTATALES*"},"content":{"rendered":"\n<p>Lerdo, 18 de diciembre 2025.- En el marco de la presentaci\u00f3n de la Agenda de los primeros 100 D\u00edas de Gobierno, la Presidenta Municipal Susy Carolina Torrecillas Salazar, hizo entrega de un documento que concentra los Proyectos Estrat\u00e9gicos en materia de Desarrollo Social para el municipio, para el fortalecimiento de la Obra P\u00fablica, as\u00ed como del Sistema de Agua Potable y Alcantarillado de Lerdo (SAPAL), a desarrollarse durante los pr\u00f3ximos tres a\u00f1os.<\/p>\n\n\n\n<p>Durante el evento, llevado a cabo en el Parque Vivero Las Auras, la Presidenta Municipal estuvo acompa\u00f1ada por un amplio n\u00famero de personalidades que inciden en la vida pol\u00edtica, jur\u00eddica y en materia de seguridad de la regi\u00f3n, as\u00ed como empresarios, directores de fundaciones y asociaciones civiles, quienes manifestaron su respaldo a los trabajos realizados durante los primeros meses de la actual administraci\u00f3n municipal.<\/p>\n\n\n\n<p>Al cierre del evento, la Alcaldesa entreg\u00f3 dicho documento oficial al secretario de Desarrollo Social y representante del Congreso del Estado, diputado Noel Fern\u00e1ndez Maturino, as\u00ed como a Arturo Ortiz Gal\u00e1n, director de la Unidad de Atracci\u00f3n de Inversiones en el Estado, y a David Pay\u00e1n, Secretario de SEBISED (Secretar\u00eda de Bienestar Social). El documento incluye un paquete de obras orientadas al mejoramiento del drenaje, pavimentaci\u00f3n, instalaci\u00f3n de domos, entre otras acciones prioritarias enfocadas al bienestar de las familias lerdenses.<\/p>\n\n\n\n<p>Asimismo, durante este evento se hizo oficial el anuncio de la pr\u00f3xima rehabilitaci\u00f3n integral del Parque Vivero Las Auras, una intervenci\u00f3n sumamente necesaria que contar\u00e1 con una inversi\u00f3n hist\u00f3rica, la cual ser\u00e1 anunciada en pr\u00f3ximos d\u00edas. Este proyecto traer\u00e1 importantes beneficios para el espacio, ya que se dar\u00e1 prioridad a su estado ambiental mediante acciones de reforestaci\u00f3n, eficiencia en el sistema de riego y atenci\u00f3n a las personas que acuden a realizar actividades f\u00edsicas, adem\u00e1s de otras mejoras que se dar\u00e1n a conocer posteriormente por el propio Gobernador, Esteban Villegas Villarreal.<\/p>\n","protected":false},"excerpt":{"rendered":"<p>Lerdo, 18 de diciembre 2025.- En el marco de la presentaci\u00f3n de la Agenda de los primeros 100 D\u00edas de Gobierno, la Presidenta Municipal Susy Carolina Torrecillas Salazar, hizo entrega de un documento que concentra los Proyectos Estrat\u00e9gicos en materia de Desarrollo Social para el municipio, para el fortalecimiento de la Obra P\u00fablica, as\u00ed como [&hellip;]<\/p>\n","protected":false},"author":1,"featured_media":28147,"comment_status":"open","ping_status":"open","sticky":false,"template":"","format":"standard","meta":{"_monsterinsights_skip_tracking":false,"_monsterinsights_sitenote_active":false,"_monsterinsights_sitenote_note":"","_monsterinsights_sitenote_category":0,"footnotes":""},"categories":[1],"tags":[],"_links":{"self":[{"href":"https:\/\/zonalimitrofe-cbnr.com\/index.php\/wp-json\/wp\/v2\/posts\/28145"}],"collection":[{"href":"https:\/\/zonalimitrofe-cbnr.com\/index.php\/wp-json\/wp\/v2\/posts"}],"about":[{"href":"https:\/\/zonalimitrofe-cbnr.com\/index.php\/wp-json\/wp\/v2\/types\/post"}],"author":[{"embeddable":true,"href":"https:\/\/zonalimitrofe-cbnr.com\/index.php\/wp-json\/wp\/v2\/users\/1"}],"replies":[{"embeddable":true,"href":"https:\/\/zonalimitrofe-cbnr.com\/index.php\/wp-json\/wp\/v2\/comments?post=28145"}],"version-history":[{"count":1,"href":"https:\/\/zonalimitrofe-cbnr.com\/index.php\/wp-json\/wp\/v2\/posts\/28145\/revisions"}],"predecessor-version":[{"id":28148,"href":"https:\/\/zonalimitrofe-cbnr.com\/index.php\/wp-json\/wp\/v2\/posts\/28145\/revisions\/28148"}],"wp:featuredmedia":[{"embeddable":true,"href":"https:\/\/zonalimitrofe-cbnr.com\/index.php\/wp-json\/wp\/v2\/media\/28147"}],"wp:attachment":[{"href":"https:\/\/zonalimitrofe-cbnr.com\/index.php\/wp-json\/wp\/v2\/media?parent=28145"}],"wp:term":[{"taxonomy":"category","embeddable":true,"href":"https:\/\/zonalimitrofe-cbnr.com\/index.php\/wp-json\/wp\/v2\/categories?post=28145"},{"taxonomy":"post_tag","embeddable":true,"href":"https:\/\/zonalimitrofe-cbnr.com\/index.php\/wp-json\/wp\/v2\/tags?post=28145"}],"curies":[{"name":"wp","href":"https:\/\/api.w.org\/{rel}","templated":true}]}}