{"id":28136,"date":"2025-12-17T20:50:53","date_gmt":"2025-12-18T02:50:53","guid":{"rendered":"https:\/\/zonalimitrofe-cbnr.com\/?p=28136"},"modified":"2025-12-17T20:50:53","modified_gmt":"2025-12-18T02:50:53","slug":"lerdo-invitan-a-la-inaguguracion-de-la-monumental-nasa-lagunera","status":"publish","type":"post","link":"https:\/\/zonalimitrofe-cbnr.com\/index.php\/2025\/12\/17\/lerdo-invitan-a-la-inaguguracion-de-la-monumental-nasa-lagunera\/","title":{"rendered":"#Lerdo. INVITAN A LA INAGUGURACI\u00d3N DE LA MONUMENTAL NASA LAGUNERA*"},"content":{"rendered":"\n<p>Lerdo, 17 de diciembre 2025.- El Gobierno Municipal de Lerdo, a trav\u00e9s del Instituto Municipal de Turismo, invita a la ciudadan\u00eda interesada a ser testigos de la Inauguraci\u00f3n de la Monumental \u201cNasa Lagunera\u201d, este domingo 21 de diciembre, a las 5:00 de la tarde, en la Rotonda Lerdo.<\/p>\n\n\n\n<p>La titular de Turismo, Mar\u00eda Jos\u00e9 Lazo Soto, comparti\u00f3 que el Instituto estar\u00e1 apoyando con el traslado totalmente gratis a la Rotonda, solamente a las personas que reserven su lugar antes de la 1:00 de la tarde del viernes 19 de diciembre, por v\u00eda telef\u00f3nica al 8717597348 o por inbox en el Facebook \u201cTu fin de semana en Lerdo\u201d.<\/p>\n\n\n\n<p>El transporte partir\u00e1 desde la Plazuela Ju\u00e1rez, ubicada en la avenida Coronado y calle Ray\u00f3n, colonia Centro, en punto de las 4:30 de la tarde, rumbo al lugar donde ser\u00e1 la Inauguraci\u00f3n de la Monumental \u201cNasa Lagunera\u201d.<\/p>\n\n\n\n<p>La directora de Turismo comparti\u00f3 que \u201ceste domingo Lerdo se vestir\u00e1 de grandeza, con la inauguraci\u00f3n de una obra que celebra nuestra identidad, nuestras ra\u00edces y el esp\u00edritu que nos une\u201d y reiter\u00f3 la invitaci\u00f3n para acudir a la Rotonda, incluso, si as\u00ed lo desean, por su cuenta propia, pues el acceso ser\u00e1 totalmente gratuito. Y como una sorpresa especial, mencion\u00f3 que se contar\u00e1 con gastronom\u00eda especial de la laguna.<\/p>\n\n\n\n<p>00487<\/p>\n","protected":false},"excerpt":{"rendered":"<p>Lerdo, 17 de diciembre 2025.- El Gobierno Municipal de Lerdo, a trav\u00e9s del Instituto Municipal de Turismo, invita a la ciudadan\u00eda interesada a ser testigos de la Inauguraci\u00f3n de la Monumental \u201cNasa Lagunera\u201d, este domingo 21 de diciembre, a las 5:00 de la tarde, en la Rotonda Lerdo. La titular de Turismo, Mar\u00eda Jos\u00e9 Lazo [&hellip;]<\/p>\n","protected":false},"author":1,"featured_media":28137,"comment_status":"open","ping_status":"open","sticky":false,"template":"","format":"standard","meta":{"_monsterinsights_skip_tracking":false,"_monsterinsights_sitenote_active":false,"_monsterinsights_sitenote_note":"","_monsterinsights_sitenote_category":0,"footnotes":""},"categories":[1],"tags":[],"_links":{"self":[{"href":"https:\/\/zonalimitrofe-cbnr.com\/index.php\/wp-json\/wp\/v2\/posts\/28136"}],"collection":[{"href":"https:\/\/zonalimitrofe-cbnr.com\/index.php\/wp-json\/wp\/v2\/posts"}],"about":[{"href":"https:\/\/zonalimitrofe-cbnr.com\/index.php\/wp-json\/wp\/v2\/types\/post"}],"author":[{"embeddable":true,"href":"https:\/\/zonalimitrofe-cbnr.com\/index.php\/wp-json\/wp\/v2\/users\/1"}],"replies":[{"embeddable":true,"href":"https:\/\/zonalimitrofe-cbnr.com\/index.php\/wp-json\/wp\/v2\/comments?post=28136"}],"version-history":[{"count":1,"href":"https:\/\/zonalimitrofe-cbnr.com\/index.php\/wp-json\/wp\/v2\/posts\/28136\/revisions"}],"predecessor-version":[{"id":28138,"href":"https:\/\/zonalimitrofe-cbnr.com\/index.php\/wp-json\/wp\/v2\/posts\/28136\/revisions\/28138"}],"wp:featuredmedia":[{"embeddable":true,"href":"https:\/\/zonalimitrofe-cbnr.com\/index.php\/wp-json\/wp\/v2\/media\/28137"}],"wp:attachment":[{"href":"https:\/\/zonalimitrofe-cbnr.com\/index.php\/wp-json\/wp\/v2\/media?parent=28136"}],"wp:term":[{"taxonomy":"category","embeddable":true,"href":"https:\/\/zonalimitrofe-cbnr.com\/index.php\/wp-json\/wp\/v2\/categories?post=28136"},{"taxonomy":"post_tag","embeddable":true,"href":"https:\/\/zonalimitrofe-cbnr.com\/index.php\/wp-json\/wp\/v2\/tags?post=28136"}],"curies":[{"name":"wp","href":"https:\/\/api.w.org\/{rel}","templated":true}]}}