{"id":28133,"date":"2025-12-17T20:44:12","date_gmt":"2025-12-18T02:44:12","guid":{"rendered":"https:\/\/zonalimitrofe-cbnr.com\/?p=28133"},"modified":"2025-12-17T20:44:12","modified_gmt":"2025-12-18T02:44:12","slug":"coahuila-asume-gloria-rios-dirigencia-del-irh-en-saltillo","status":"publish","type":"post","link":"https:\/\/zonalimitrofe-cbnr.com\/index.php\/2025\/12\/17\/coahuila-asume-gloria-rios-dirigencia-del-irh-en-saltillo\/","title":{"rendered":"#Coahuila. Asume Gloria R\u00edos dirigencia del IRH en Saltillo"},"content":{"rendered":"\n<p>\u00b7&nbsp;&nbsp;&nbsp;&nbsp;&nbsp;&nbsp;&nbsp;&nbsp;&nbsp;<strong><em>Refrendan compromiso del partido en la formaci\u00f3n de cuadros<\/em><\/strong><\/p>\n\n\n\n<p>Saltillo, Coahuila de Zaragoza; 17 de diciembre de 2025.- Gloria Flores R\u00edos rindi\u00f3 protesta como nueva dirigente del Instituto Reyes Heroles (IRH), Filial Saltillo, donde reafirm\u00f3 que trabajar\u00e1 junto con su comit\u00e9 para formar cuadros comprometidos con el partido y as\u00ed seguir construyendo la grandeza de la capital de Coahuila.<\/p>\n\n\n\n<p>Eduardo Medrano Aguirre, presidente del PRI Saltillo, reiter\u00f3 que el partido es fuerte porque tiene hombres y mujeres bien capacitados y eso es gracias al IRH.<\/p>\n\n\n\n<p>\u201cFelicitamos a Gloria Flores y a su equipo de trabajo y que en equipo nos ayuden a seguir formando excelentes cuadros, porque aqu\u00ed nos distinguimos por hacer las cosas bien\u201d, destac\u00f3.<\/p>\n\n\n\n<p>Por su parte, Marco Cant\u00fa Vega, presidente estatal del IRH Coahuila, refrend\u00f3 que con la fuerza de las ideas y el trabajo incansable se preparar\u00e1n para dar el debate de cara a 2026.<\/p>\n\n\n\n<p>\u201cTomemos el ejemplo de Manolo Jim\u00e9nez y de Javier D\u00edaz, quienes todos los d\u00edas se levantan a jalar para darle certeza y certidumbre a esta tierra\u201d, dijo.<\/p>\n\n\n\n<p>Gloria Flores, dirigente del IRH Filial Saltillo, refiri\u00f3 que se intensificar\u00e1 la presencia en escuelas, universidades, barrios, comunidades, ejidos y colonias.<\/p>\n\n\n\n<p>\u201cLlevaremos capacitaciones, foros, talleres y la propia escuela de cuadros a todos los rincones del municipio, porque la din\u00e1mica de nuestro partido en Saltillo as\u00ed lo exige. La pol\u00edtica se aprende escuchando, acompa\u00f1ando, caminando y estando cerca. No se construye desde lejos, no desde el escritorio, sino desde el territorio; desde la calle y con la gente\u201d, dijo.<\/p>\n\n\n\n<p>Mencion\u00f3 que es importante abrir espacios para debatir, contrastar ideas, fomentar el pensamiento cr\u00edtico y fortalecer la cultura c\u00edvica de las nuevas generaciones.<\/p>\n\n\n\n<p>\u201cY aqu\u00ed agradezco al rector de la Universidad Interamericana del Bravo, el maestro Eliud Cadena, su solidaridad y compromiso por fomentar la cultura c\u00edvica en Coahuila. Cada uno de los diplomados que manejemos en la escuela de cuadros y en el IRH tendr\u00e1 validez oficial gracias a la UNIB\u201d, dijo.<\/p>\n\n\n\n<p>En el evento, en el que adem\u00e1s Jos\u00e9 Luis Mendoza rindi\u00f3 protesta como secretario del IRH Filial Saltillo, Gloria Flores afirm\u00f3 que, de cara al pr\u00f3ximo a\u00f1o, su bandera ser\u00e1 Manolo en Coahuila y Javier en Saltillo.<\/p>\n\n\n\n<p>\u201cManolo y Javier representan un modelo de gobierno basado en honestidad, en resultados positivos, en cercan\u00eda con la gente y en una visi\u00f3n clara de futuro. Ellos son prueba de que cuando se gobierna bien, la pol\u00edtica recupera su grandeza\u201d, puntualiz\u00f3.<\/p>\n\n\n\n<p>Durante la toma de protesta estuvieron presentes, en representaci\u00f3n de Carlos Robles Loustaunau, Georgina Cano Torralva, secretaria coordinadora de Sectores y Organizaciones en el Estado; Eliud Cadena Toledo, rector de la Universidad Interamericana del Bravo; as\u00ed como militantes&nbsp;del&nbsp;partido.<\/p>\n","protected":false},"excerpt":{"rendered":"<p>\u00b7&nbsp;&nbsp;&nbsp;&nbsp;&nbsp;&nbsp;&nbsp;&nbsp;&nbsp;Refrendan compromiso del partido en la formaci\u00f3n de cuadros Saltillo, Coahuila de Zaragoza; 17 de diciembre de 2025.- Gloria Flores R\u00edos rindi\u00f3 protesta como nueva dirigente del Instituto Reyes Heroles (IRH), Filial Saltillo, donde reafirm\u00f3 que trabajar\u00e1 junto con su comit\u00e9 para formar cuadros comprometidos con el partido y as\u00ed seguir construyendo la grandeza de [&hellip;]<\/p>\n","protected":false},"author":1,"featured_media":28134,"comment_status":"open","ping_status":"open","sticky":false,"template":"","format":"standard","meta":{"_monsterinsights_skip_tracking":false,"_monsterinsights_sitenote_active":false,"_monsterinsights_sitenote_note":"","_monsterinsights_sitenote_category":0,"footnotes":""},"categories":[1],"tags":[],"_links":{"self":[{"href":"https:\/\/zonalimitrofe-cbnr.com\/index.php\/wp-json\/wp\/v2\/posts\/28133"}],"collection":[{"href":"https:\/\/zonalimitrofe-cbnr.com\/index.php\/wp-json\/wp\/v2\/posts"}],"about":[{"href":"https:\/\/zonalimitrofe-cbnr.com\/index.php\/wp-json\/wp\/v2\/types\/post"}],"author":[{"embeddable":true,"href":"https:\/\/zonalimitrofe-cbnr.com\/index.php\/wp-json\/wp\/v2\/users\/1"}],"replies":[{"embeddable":true,"href":"https:\/\/zonalimitrofe-cbnr.com\/index.php\/wp-json\/wp\/v2\/comments?post=28133"}],"version-history":[{"count":1,"href":"https:\/\/zonalimitrofe-cbnr.com\/index.php\/wp-json\/wp\/v2\/posts\/28133\/revisions"}],"predecessor-version":[{"id":28135,"href":"https:\/\/zonalimitrofe-cbnr.com\/index.php\/wp-json\/wp\/v2\/posts\/28133\/revisions\/28135"}],"wp:featuredmedia":[{"embeddable":true,"href":"https:\/\/zonalimitrofe-cbnr.com\/index.php\/wp-json\/wp\/v2\/media\/28134"}],"wp:attachment":[{"href":"https:\/\/zonalimitrofe-cbnr.com\/index.php\/wp-json\/wp\/v2\/media?parent=28133"}],"wp:term":[{"taxonomy":"category","embeddable":true,"href":"https:\/\/zonalimitrofe-cbnr.com\/index.php\/wp-json\/wp\/v2\/categories?post=28133"},{"taxonomy":"post_tag","embeddable":true,"href":"https:\/\/zonalimitrofe-cbnr.com\/index.php\/wp-json\/wp\/v2\/tags?post=28133"}],"curies":[{"name":"wp","href":"https:\/\/api.w.org\/{rel}","templated":true}]}}