{"id":28110,"date":"2025-12-17T20:13:54","date_gmt":"2025-12-18T02:13:54","guid":{"rendered":"https:\/\/zonalimitrofe-cbnr.com\/?p=28110"},"modified":"2025-12-17T20:13:54","modified_gmt":"2025-12-18T02:13:54","slug":"gp-gomez-palacio-crea-direccion-especializada-para-la-atencion-de-personas-con-discapacidad-y-neurodivergencias","status":"publish","type":"post","link":"https:\/\/zonalimitrofe-cbnr.com\/index.php\/2025\/12\/17\/gp-gomez-palacio-crea-direccion-especializada-para-la-atencion-de-personas-con-discapacidad-y-neurodivergencias\/","title":{"rendered":"#GP. G\u00f3mez Palacio crea Direcci\u00f3n especializada para la atenci\u00f3n de personas con discapacidad y neurodivergencias*"},"content":{"rendered":"\n<p>\u2022 A propuesta de la alcaldesa Betzab\u00e9 Mart\u00ednez Arango, el Cabildo aprob\u00f3 por unanimidad la creaci\u00f3n de esta nueva dependencia<\/p>\n\n\n\n<p>\u2022 Impulsar\u00e1 la capacitaci\u00f3n profesional y pol\u00edticas p\u00fablicas de inclusi\u00f3n e igualdad de oportunidades<\/p>\n\n\n\n<p>El Cabildo de G\u00f3mez Palacio aprob\u00f3 por unanimidad la creaci\u00f3n de la Direcci\u00f3n de Atenci\u00f3n a Personas con Discapacidad y Neurodivergencias, iniciativa presentada por la presidenta municipal Betzab\u00e9 Mart\u00ednez Arango, con el objetivo de fortalecer la atenci\u00f3n institucional y garantizar una pol\u00edtica p\u00fablica incluyente para este sector de la poblaci\u00f3n.<\/p>\n\n\n\n<p>Previo a la votaci\u00f3n, la alcaldesa destac\u00f3 que uno de los principales ejes de esta nueva Direcci\u00f3n ser\u00e1 la capacitaci\u00f3n especializada, para que profesionistas cuenten con las herramientas t\u00e9cnicas y la sensibilidad necesaria en el diagn\u00f3stico, acompa\u00f1amiento y atenci\u00f3n de personas con discapacidad f\u00edsica, neurol\u00f3gica y dentro del espectro autista.<\/p>\n\n\n\n<p>Con esta decisi\u00f3n, la Administraci\u00f3n Municipal reafirma su compromiso de atender una demanda hist\u00f3rica de la ciudadan\u00eda, al crear una dependencia con atribuciones definidas, personal capacitado y presupuesto propio, que permita brindar atenci\u00f3n integral a las y los gomezpalatinos que viven con alguna discapacidad o condici\u00f3n neurodivergente.<\/p>\n\n\n\n<p>En esta sesi\u00f3n de Cabildo se incorpor\u00f3 de manera permanente y como una muestra de la inclusi\u00f3n a Carlos Antonio Meza Acosta, Int\u00e9rprete de Lengua de Se\u00f1as Mexicana, quien apoyar\u00e1 durante las reuniones p\u00fablicas del cuerpo edilicio.<\/p>\n\n\n\n<p>Durante la sesi\u00f3n ordinaria de Cabildo, celebrada este mi\u00e9rcoles, tambi\u00e9n se aprob\u00f3 de manera un\u00e1nime el desarrollo de vivienda vertical por parte del Gobierno Federal, a trav\u00e9s del programa Vivienda para el Bienestar, en terrenos donados el a\u00f1o pasado, donde se construir\u00e1n viviendas destinadas a personas de escasos recursos.<\/p>\n\n\n\n<p>Asimismo, las y los regidores analizaron y votaron diversos dict\u00e1menes emitidos por la Comisi\u00f3n de Alcoholes, as\u00ed como por la Comisi\u00f3n de Obras P\u00fablicas y Desarrollo Urbano, relacionados con r\u00e9gimen en condominio y subdivisi\u00f3n de predios.<\/p>\n\n\n\n<p>Finalmente, en el apartado de Asuntos Generales, el secretario del Ayuntamiento, Aldo Dami\u00e1n Mac\u00edas Franco, someti\u00f3 a consideraci\u00f3n del Cabildo la aprobaci\u00f3n del periodo vacacional y la suspensi\u00f3n de sesiones ordinarias, las cuales se reanudar\u00e1n en enero de 2026. La propuesta fue aprobada por mayor\u00eda.<br><\/p>\n","protected":false},"excerpt":{"rendered":"<p>\u2022 A propuesta de la alcaldesa Betzab\u00e9 Mart\u00ednez Arango, el Cabildo aprob\u00f3 por unanimidad la creaci\u00f3n de esta nueva dependencia \u2022 Impulsar\u00e1 la capacitaci\u00f3n profesional y pol\u00edticas p\u00fablicas de inclusi\u00f3n e igualdad de oportunidades El Cabildo de G\u00f3mez Palacio aprob\u00f3 por unanimidad la creaci\u00f3n de la Direcci\u00f3n de Atenci\u00f3n a Personas con Discapacidad y Neurodivergencias, [&hellip;]<\/p>\n","protected":false},"author":1,"featured_media":28111,"comment_status":"open","ping_status":"open","sticky":false,"template":"","format":"standard","meta":{"_monsterinsights_skip_tracking":false,"_monsterinsights_sitenote_active":false,"_monsterinsights_sitenote_note":"","_monsterinsights_sitenote_category":0,"footnotes":""},"categories":[1],"tags":[],"_links":{"self":[{"href":"https:\/\/zonalimitrofe-cbnr.com\/index.php\/wp-json\/wp\/v2\/posts\/28110"}],"collection":[{"href":"https:\/\/zonalimitrofe-cbnr.com\/index.php\/wp-json\/wp\/v2\/posts"}],"about":[{"href":"https:\/\/zonalimitrofe-cbnr.com\/index.php\/wp-json\/wp\/v2\/types\/post"}],"author":[{"embeddable":true,"href":"https:\/\/zonalimitrofe-cbnr.com\/index.php\/wp-json\/wp\/v2\/users\/1"}],"replies":[{"embeddable":true,"href":"https:\/\/zonalimitrofe-cbnr.com\/index.php\/wp-json\/wp\/v2\/comments?post=28110"}],"version-history":[{"count":1,"href":"https:\/\/zonalimitrofe-cbnr.com\/index.php\/wp-json\/wp\/v2\/posts\/28110\/revisions"}],"predecessor-version":[{"id":28112,"href":"https:\/\/zonalimitrofe-cbnr.com\/index.php\/wp-json\/wp\/v2\/posts\/28110\/revisions\/28112"}],"wp:featuredmedia":[{"embeddable":true,"href":"https:\/\/zonalimitrofe-cbnr.com\/index.php\/wp-json\/wp\/v2\/media\/28111"}],"wp:attachment":[{"href":"https:\/\/zonalimitrofe-cbnr.com\/index.php\/wp-json\/wp\/v2\/media?parent=28110"}],"wp:term":[{"taxonomy":"category","embeddable":true,"href":"https:\/\/zonalimitrofe-cbnr.com\/index.php\/wp-json\/wp\/v2\/categories?post=28110"},{"taxonomy":"post_tag","embeddable":true,"href":"https:\/\/zonalimitrofe-cbnr.com\/index.php\/wp-json\/wp\/v2\/tags?post=28110"}],"curies":[{"name":"wp","href":"https:\/\/api.w.org\/{rel}","templated":true}]}}