{"id":28107,"date":"2025-12-17T20:09:15","date_gmt":"2025-12-18T02:09:15","guid":{"rendered":"https:\/\/zonalimitrofe-cbnr.com\/?p=28107"},"modified":"2025-12-17T20:09:15","modified_gmt":"2025-12-18T02:09:15","slug":"coahuila-viven-emotiva-posada-con-los-ninos-y-ninas-de-las-casas-hogar-rosa-y-azul","status":"publish","type":"post","link":"https:\/\/zonalimitrofe-cbnr.com\/index.php\/2025\/12\/17\/coahuila-viven-emotiva-posada-con-los-ninos-y-ninas-de-las-casas-hogar-rosa-y-azul\/","title":{"rendered":"#Coahuila. VIVEN EMOTIVA POSADA CON LOS NI\u00d1OS Y NI\u00d1AS DE LAS CASAS HOGAR, ROSA Y AZUL"},"content":{"rendered":"\n<p>\u00b7 Gobernador y su familia, junto con el DIF Coahuila organizan gran posada<\/p>\n\n\n\n<p>Saltillo, Coahuila de Zaragoza; a 17 de diciembre de 2025.- El gobernador Manolo Jim\u00e9nez Salinas, su esposa Paola Rodr\u00edguez L\u00f3pez e hijos, as\u00ed como Liliana Salinas Vald\u00e9s, presidenta honorar\u00eda del DIF Coahuila, visitaron la Casa Hogar en donde convivieron con las ni\u00f1as, ni\u00f1os, adolescentes y j\u00f3venes en la tradicional posada navide\u00f1a, en la que, adem\u00e1s, disfrutaron de un peque\u00f1o concierto que ofreci\u00f3 la Orquesta y Coro Esperanza Azteca DIF Coahuila.<\/p>\n\n\n\n<p>&#8220;Junto con mi esposa Paola Rodr\u00edguez y nuestros hijos acompa\u00f1amos en una emotiva posada a nuestras ni\u00f1as, ni\u00f1os y adolescentes de casa cuna, casa rosa y casa azul. A quienes cuidamos durante todo el a\u00f1o con mucho compromiso y amor. Gracias a mi mam\u00e1 Liliana Salinas y a todo el gran equipo del DIF Coahuila por su trabajo. Seguiremos pa&#8217; delante mejorando la calidad de vida de los coahuilenses&#8221;, destac\u00f3 el gobernador.<\/p>\n\n\n\n<p>Manolo Jim\u00e9nez expres\u00f3 su agrado por estar, junto a su familia, conviviendo en las casas hogares, y asegur\u00f3 que cada a\u00f1o de su gesti\u00f3n lo seguir\u00e1n haciendo.<\/p>\n\n\n\n<p>\u201cTenemos un gran compromiso de trabajar por ustedes, de cuidarlos, atenderlos, de invertir para que siempre tengan mejores condiciones\u201d, dijo el Mandatario estatal a las ni\u00f1as, ni\u00f1os, adolescentes y j\u00f3venes de estas casas.<\/p>\n\n\n\n<p>Mencion\u00f3 que, de igual manera, su gobierno est\u00e1 fortaleciendo el personal del DIF y sus condiciones laborales, para poderlos atender mejor.<\/p>\n\n\n\n<p>\u201cAqu\u00ed hay un compromiso constante porque para nosotros, ustedes son sumamente importantes, y tenemos la gran tarea de cuidarlas y cuidarlos, y hacerlo muy bien\u201d, se\u00f1al\u00f3.<\/p>\n\n\n\n<p>Manolo Jim\u00e9nez reiter\u00f3 que todos los meses de 2026 seguir\u00e1n fortaleciendo al DIF Coahuila, fortaleciendo las tres casas hogares, para que las ni\u00f1as, ni\u00f1os, adolescentes y j\u00f3venes est\u00e9n mejor, y para que las familias de Coahuila, que son atendidas por el DIF, tengan una mejor calidad de vida.<\/p>\n\n\n\n<p>Felicit\u00f3 a las y los integrantes de la Orquesta y Coro Esperanza Azteca DIF Coahuila y del coro, as\u00ed como a sus maestros, por el peque\u00f1o concierto que ofrecieron en la casa hogar.<\/p>\n\n\n\n<p>Asimismo, felicit\u00f3 y reconoci\u00f3 el gran trabajo de todo el equipo del DIF Coahuila que todos los d\u00edas trabaja para bien de quienes integran la Casa Cuna, la Casa Rosa y la Casa Azul, y que tambi\u00e9n trabajan todos los d\u00edas para bien de lo m\u00e1s fuerte que tiene Coahuila, que son sus familias.<\/p>\n\n\n\n<p>\u201cA nombre de mi familia, les queremos desear una feliz navidad y un gran a\u00f1o 2026\u201d, expres\u00f3 Manolo Jim\u00e9nez.<\/p>\n\n\n\n<p>En este convivi\u00f3 acompa\u00f1aron al gobernador y a su familia, Alejandro Cepeda, director general de DIF Coahuila; Ivonne Espinosa Torres, directora de Programas Sociales de DIF Coahuila; Mireya Franco Salas, directora de los Centros Asistenciales de DIF Coahuila; Javier Gonz\u00e1lez Camero, director de la Orquesta y Coro Esperanza Azteca DIF Coahuila.<\/p>\n","protected":false},"excerpt":{"rendered":"<p>\u00b7 Gobernador y su familia, junto con el DIF Coahuila organizan gran posada Saltillo, Coahuila de Zaragoza; a 17 de diciembre de 2025.- El gobernador Manolo Jim\u00e9nez Salinas, su esposa Paola Rodr\u00edguez L\u00f3pez e hijos, as\u00ed como Liliana Salinas Vald\u00e9s, presidenta honorar\u00eda del DIF Coahuila, visitaron la Casa Hogar en donde convivieron con las ni\u00f1as, [&hellip;]<\/p>\n","protected":false},"author":1,"featured_media":28108,"comment_status":"open","ping_status":"open","sticky":false,"template":"","format":"standard","meta":{"_monsterinsights_skip_tracking":false,"_monsterinsights_sitenote_active":false,"_monsterinsights_sitenote_note":"","_monsterinsights_sitenote_category":0,"footnotes":""},"categories":[1],"tags":[],"_links":{"self":[{"href":"https:\/\/zonalimitrofe-cbnr.com\/index.php\/wp-json\/wp\/v2\/posts\/28107"}],"collection":[{"href":"https:\/\/zonalimitrofe-cbnr.com\/index.php\/wp-json\/wp\/v2\/posts"}],"about":[{"href":"https:\/\/zonalimitrofe-cbnr.com\/index.php\/wp-json\/wp\/v2\/types\/post"}],"author":[{"embeddable":true,"href":"https:\/\/zonalimitrofe-cbnr.com\/index.php\/wp-json\/wp\/v2\/users\/1"}],"replies":[{"embeddable":true,"href":"https:\/\/zonalimitrofe-cbnr.com\/index.php\/wp-json\/wp\/v2\/comments?post=28107"}],"version-history":[{"count":1,"href":"https:\/\/zonalimitrofe-cbnr.com\/index.php\/wp-json\/wp\/v2\/posts\/28107\/revisions"}],"predecessor-version":[{"id":28109,"href":"https:\/\/zonalimitrofe-cbnr.com\/index.php\/wp-json\/wp\/v2\/posts\/28107\/revisions\/28109"}],"wp:featuredmedia":[{"embeddable":true,"href":"https:\/\/zonalimitrofe-cbnr.com\/index.php\/wp-json\/wp\/v2\/media\/28108"}],"wp:attachment":[{"href":"https:\/\/zonalimitrofe-cbnr.com\/index.php\/wp-json\/wp\/v2\/media?parent=28107"}],"wp:term":[{"taxonomy":"category","embeddable":true,"href":"https:\/\/zonalimitrofe-cbnr.com\/index.php\/wp-json\/wp\/v2\/categories?post=28107"},{"taxonomy":"post_tag","embeddable":true,"href":"https:\/\/zonalimitrofe-cbnr.com\/index.php\/wp-json\/wp\/v2\/tags?post=28107"}],"curies":[{"name":"wp","href":"https:\/\/api.w.org\/{rel}","templated":true}]}}