{"id":28090,"date":"2025-12-16T22:13:30","date_gmt":"2025-12-17T04:13:30","guid":{"rendered":"https:\/\/zonalimitrofe-cbnr.com\/?p=28090"},"modified":"2025-12-16T22:13:30","modified_gmt":"2025-12-17T04:13:30","slug":"durango-duranguenses-reconocen-alumbrado-navideno-como-un-espacio-de-convivencia-valores-y-union-familiar","status":"publish","type":"post","link":"https:\/\/zonalimitrofe-cbnr.com\/index.php\/2025\/12\/16\/durango-duranguenses-reconocen-alumbrado-navideno-como-un-espacio-de-convivencia-valores-y-union-familiar\/","title":{"rendered":"#Durango. Duranguenses reconocen alumbrado navide\u00f1o como un espacio de convivencia, valores y uni\u00f3n familiar*"},"content":{"rendered":"\n<p>* _Familias destacan el impacto positivo del Alumbrado Navide\u00f1o en la convivencia social y el tiempo en familia._<\/p>\n\n\n\n<p>* _Corredores Constituci\u00f3n, Las Alamedas y Canta Ranas se consolidan como puntos de encuentro en esta temporada._<\/p>\n\n\n\n<p>Con luz, color y ambiente festivo, el Gobierno del Estado transform\u00f3 los corredores Constituci\u00f3n, Las Alamedas y Canta Ranas en los principales escenarios del Alumbrado Navide\u00f1o 2025, generando espacios de encuentro donde miles de familias disfrutan la temporada decembrina. Estas acciones forman parte del impulso a la convivencia, la tradici\u00f3n y los valores familiares que caracterizan a Durango.<\/p>\n\n\n\n<p>Los asistentes coincidieron en que el alumbrado ha motivado a las familias a salir, convivir y compartir tiempo de calidad. Sebasti\u00e1n Alquicira reconoci\u00f3 que \u201cson actividades muy buenas porque ense\u00f1an a los ni\u00f1os y reflejan el trabajo del Gobierno; en estas fechas todos venimos a festejar y los ni\u00f1os vienen a divertirse, cumpli\u00e9ndose el objetivo de la actividad\u201d.<\/p>\n\n\n\n<p>Por su parte, Ariana Rocha destac\u00f3 que estas acciones fortalecen la uni\u00f3n familiar y los valores: \u201cEst\u00e1 muy padre porque sale m\u00e1s la gente de sus casas con la Navidad. Se promueve el tiempo en familia, estamos m\u00e1s unidos y salimos juntos a actividades como estas. Qued\u00f3 muy bonito\u201d.<\/p>\n\n\n\n<p>Finalmente, Mar\u00eda Garc\u00eda subray\u00f3 el impacto social y educativo del alumbrado: \u201cEs una experiencia muy bonita y recreativa para toda la ciudad. Como docentes es importante porque los j\u00f3venes aprenden a construir de manera positiva desde la sociedad. Es un espect\u00e1culo de luces y burbujas que qued\u00f3 muy bien logrado\u201d.<\/p>\n\n\n\n<p>El Alumbrado Navide\u00f1o ya se vive como un punto de encuentro para la convivencia familiar en Durango, y se complementar\u00e1 con pr\u00f3ximas actividades como el Desfile Navide\u00f1o y la Feria Navide\u00f1a, consolidando un diciembre lleno de tradici\u00f3n, alegr\u00eda y comunidad.<\/p>\n","protected":false},"excerpt":{"rendered":"<p>* _Familias destacan el impacto positivo del Alumbrado Navide\u00f1o en la convivencia social y el tiempo en familia._ * _Corredores Constituci\u00f3n, Las Alamedas y Canta Ranas se consolidan como puntos de encuentro en esta temporada._ Con luz, color y ambiente festivo, el Gobierno del Estado transform\u00f3 los corredores Constituci\u00f3n, Las Alamedas y Canta Ranas en [&hellip;]<\/p>\n","protected":false},"author":1,"featured_media":28091,"comment_status":"open","ping_status":"open","sticky":false,"template":"","format":"standard","meta":{"_monsterinsights_skip_tracking":false,"_monsterinsights_sitenote_active":false,"_monsterinsights_sitenote_note":"","_monsterinsights_sitenote_category":0,"footnotes":""},"categories":[1],"tags":[],"_links":{"self":[{"href":"https:\/\/zonalimitrofe-cbnr.com\/index.php\/wp-json\/wp\/v2\/posts\/28090"}],"collection":[{"href":"https:\/\/zonalimitrofe-cbnr.com\/index.php\/wp-json\/wp\/v2\/posts"}],"about":[{"href":"https:\/\/zonalimitrofe-cbnr.com\/index.php\/wp-json\/wp\/v2\/types\/post"}],"author":[{"embeddable":true,"href":"https:\/\/zonalimitrofe-cbnr.com\/index.php\/wp-json\/wp\/v2\/users\/1"}],"replies":[{"embeddable":true,"href":"https:\/\/zonalimitrofe-cbnr.com\/index.php\/wp-json\/wp\/v2\/comments?post=28090"}],"version-history":[{"count":1,"href":"https:\/\/zonalimitrofe-cbnr.com\/index.php\/wp-json\/wp\/v2\/posts\/28090\/revisions"}],"predecessor-version":[{"id":28092,"href":"https:\/\/zonalimitrofe-cbnr.com\/index.php\/wp-json\/wp\/v2\/posts\/28090\/revisions\/28092"}],"wp:featuredmedia":[{"embeddable":true,"href":"https:\/\/zonalimitrofe-cbnr.com\/index.php\/wp-json\/wp\/v2\/media\/28091"}],"wp:attachment":[{"href":"https:\/\/zonalimitrofe-cbnr.com\/index.php\/wp-json\/wp\/v2\/media?parent=28090"}],"wp:term":[{"taxonomy":"category","embeddable":true,"href":"https:\/\/zonalimitrofe-cbnr.com\/index.php\/wp-json\/wp\/v2\/categories?post=28090"},{"taxonomy":"post_tag","embeddable":true,"href":"https:\/\/zonalimitrofe-cbnr.com\/index.php\/wp-json\/wp\/v2\/tags?post=28090"}],"curies":[{"name":"wp","href":"https:\/\/api.w.org\/{rel}","templated":true}]}}