{"id":28034,"date":"2025-12-14T20:16:42","date_gmt":"2025-12-15T02:16:42","guid":{"rendered":"https:\/\/zonalimitrofe-cbnr.com\/?p=28034"},"modified":"2025-12-14T20:16:43","modified_gmt":"2025-12-15T02:16:43","slug":"coahuila-activa-plan-de-respuesta-invernal-2025-2026","status":"publish","type":"post","link":"https:\/\/zonalimitrofe-cbnr.com\/index.php\/2025\/12\/14\/coahuila-activa-plan-de-respuesta-invernal-2025-2026\/","title":{"rendered":"#COAHUILA ACTIVA PLAN DE RESPUESTA INVERNAL 2025\u20132026"},"content":{"rendered":"\n<p><strong><em>Acciones coordinadas y atenci\u00f3n para proteger a la poblaci\u00f3n ante los descensos de temperaturas<\/em><\/strong><\/p>\n\n\n\n<p>Saltillo, Coahuila de Zaragoza; 14 de diciembre de 2025.\u2013 El subsecretario de Protecci\u00f3n Civil&nbsp;del Estado, Ramiro Dur\u00e1n Garc\u00eda, dio a conocer que, ante la llegada de frentes fr\u00edos m\u00e1s intensos y la posibilidad de heladas en diversas regiones del estado, el Gobierno de Coahuila ha puesto en marcha el Plan de Respuesta Invernal 2025\u20132026,&nbsp;operativo integral encabezado por la Subsecretar\u00eda de Protecci\u00f3n Civil que tiene como prioridad la seguridad de las familias coahuilenses.<\/p>\n\n\n\n<p>&#8220;Este plan integral preventivo y de respuesta es la suma de esfuerzos entre todas las instituciones, trabajando como siempre en equipo por el bien de las y los coahuilenses, especialmente de la poblaci\u00f3n m\u00e1s vulnerable&#8221;, destac\u00f3 el subsecretario.&nbsp;<\/p>\n\n\n\n<p>Resalt\u00f3 que el plan refuerza la coordinaci\u00f3n interinstitucional entre dependencias estatales, municipios, corporaciones de emergencia, cuerpos policiales y autoridades federales, permitiendo una reacci\u00f3n r\u00e1pida y eficiente ante cualquier contingencia provocada por bajas temperaturas.<\/p>\n\n\n\n<p><strong>COORDINACI\u00d3N ESTATAL: LA CLAVE DEL OPERATIVO<\/strong><\/p>\n\n\n\n<p>La Subsecretar\u00eda de Protecci\u00f3n Civil inform\u00f3 que todas las regiones del estado cuentan con c\u00e9lulas de monitoreo y respuesta r\u00e1pida, integradas por personal estatal y municipal, las cuales mantienen una vigilancia constante en zonas rurales, carreteras, colonias vulnerables y lugares donde existe riesgo por exposici\u00f3n al fr\u00edo.<\/p>\n\n\n\n<p>El operativo permanente tambi\u00e9n incluye un monitoreo continuo del Servicio Meteorol\u00f3gico Nacional, as\u00ed como la emisi\u00f3n de alertas tempranas para informar a la poblaci\u00f3n sobre frentes fr\u00edos, condiciones de helada, vientos fuertes o nevadas.<\/p>\n\n\n\n<p>En Coahuila, se mantiene un esfuerzo coordinado y preventivo. El objetivo es actuar a tiempo, evitar riesgos y proteger a quienes m\u00e1s lo necesitan.<\/p>\n\n\n\n<p><strong>REFUGIOS TEMPORALES: ESPACIOS SEGUROS PARA LA POBLACI\u00d3N<\/strong><\/p>\n\n\n\n<p>Como parte del Plan de Respuesta Invernal, se ha activado la red estatal de refugios temporales, distribuidos estrat\u00e9gicamente en los 38 municipios. Estos espacios cuentan con cobijas, colchonetas, bebidas calientes y personal especializado para atender a personas en situaci\u00f3n de calle, familias vulnerables, adultos mayores y cualquier ciudadano que necesite resguardarse del fr\u00edo extremo.<\/p>\n\n\n\n<p>La Subsecretar\u00eda ha informado que m\u00e1s de 100 refugios se activan de inmediato cuando la temperatura alcanza niveles de riesgo. Todos est\u00e1n equipados para recibir a quienes requieran protecci\u00f3n, con una capacidad para m\u00e1s de 9 mil personas. La lista de los refugios y sus direcciones se encuentra disponible en:&nbsp;<a rel=\"noreferrer noopener\" target=\"_blank\" href=\"https:\/\/na01.safelinks.protection.outlook.com\/?url=https%3A%2F%2Fgaabcdh.r.af.d.sendibt2.com%2Ftr%2Fcl%2FjfaLnEi3FHvS7r0Ty1FLgxzUQM6u86-qq-HLdEjyPjRua3imnpWCigeUjkqTMVYXnPuD7GIP7PZ715stmQ6RZn8iO7wneG_AplkdKpqP13LUy0PaztjGY2_KrBkiZDJTb-JhPQ1OWB8-21l68PDnTWtchAI-T1D8IYlMTwKZeWFLDbMR3a-Z3rnThno_NJOjDiXPZlMCVZpPaqph2Zcj_MIaECCwwcHIFRwMUch6ZKH_a9K7I7XfEyOcBUioZN7B3t3RhgpxKSTyrNkEKh1Cvt0L7Qxcooksw-0AnvEYoAXNzD_ZeohXYkoTwMFyxDwD79qhvd-ResvK&amp;data=05%7C02%7C%7C6eb2482cc3e04a342fd708de3b7003fc%7C84df9e7fe9f640afb435aaaaaaaaaaaa%7C1%7C0%7C639013549486068203%7CUnknown%7CTWFpbGZsb3d8eyJFbXB0eU1hcGkiOnRydWUsIlYiOiIwLjAuMDAwMCIsIlAiOiJXaW4zMiIsIkFOIjoiTWFpbCIsIldUIjoyfQ%3D%3D%7C0%7C%7C%7C&amp;sdata=v623gpKDAmdeR5yw2f2Tct7LRJXSJWedMvTYQ3lY3Lk%3D&amp;reserved=0\">http:\/\/proteccioncivil.sfpcoahuila.gob.mx\/modulo22.php?opcion=8.<\/a><\/p>\n\n\n\n<p><strong><u>Supervisi\u00f3n en Territorio<\/u><\/strong><\/p>\n\n\n\n<p>Equipos de Protecci\u00f3n Civil realizan recorridos permanentes para:<\/p>\n\n\n\n<p>* Detectar personas pernoctando en la v\u00eda p\u00fablica y trasladarlas a un refugio.<\/p>\n\n\n\n<p>* Supervisar comunidades alejadas y ejidos en riesgo por fr\u00edo extremo.<\/p>\n\n\n\n<p>* Verificar condiciones de vivienda y emitir recomendaciones preventivas.<\/p>\n\n\n\n<p>* Brindar apoyo a automovilistas varados durante heladas o nevadas.<\/p>\n\n\n\n<p>* Revisar que los sistemas de calefacci\u00f3n en hogares operen de manera segura.<\/p>\n\n\n\n<p><strong><u>Llamado a la Prevenci\u00f3n<\/u><\/strong><\/p>\n\n\n\n<p>El Gobierno del Estado exhorta a la ciudadan\u00eda a:<\/p>\n\n\n\n<p>* Evitar el uso de anafres o fogatas dentro de las viviendas.<\/p>\n\n\n\n<p>* Mantener ventilaci\u00f3n adecuada si se usan calentadores de gas.<\/p>\n\n\n\n<p>* Revisar instalaciones el\u00e9ctricas antes de utilizar calentadores el\u00e9ctricos.<\/p>\n\n\n\n<p>* Proteger a ni\u00f1as, ni\u00f1os, adultos mayores y personas enfermas.<\/p>\n\n\n\n<p>* Reportar de inmediato a cualquier persona vulnerable a la intemperie.<\/p>\n\n\n\n<p><strong><u>Atenci\u00f3n a Emergencias<\/u><\/strong><\/p>\n\n\n\n<p>Protecci\u00f3n Civil recuerda que cualquier incidente o solicitud de auxilio debe canalizarse al n\u00famero 9-1-1, disponible las 24 horas.<\/p>\n","protected":false},"excerpt":{"rendered":"<p>Acciones coordinadas y atenci\u00f3n para proteger a la poblaci\u00f3n ante los descensos de temperaturas Saltillo, Coahuila de Zaragoza; 14 de diciembre de 2025.\u2013 El subsecretario de Protecci\u00f3n Civil&nbsp;del Estado, Ramiro Dur\u00e1n Garc\u00eda, dio a conocer que, ante la llegada de frentes fr\u00edos m\u00e1s intensos y la posibilidad de heladas en diversas regiones del estado, el [&hellip;]<\/p>\n","protected":false},"author":1,"featured_media":28035,"comment_status":"open","ping_status":"open","sticky":false,"template":"","format":"standard","meta":{"_monsterinsights_skip_tracking":false,"_monsterinsights_sitenote_active":false,"_monsterinsights_sitenote_note":"","_monsterinsights_sitenote_category":0,"footnotes":""},"categories":[1],"tags":[],"_links":{"self":[{"href":"https:\/\/zonalimitrofe-cbnr.com\/index.php\/wp-json\/wp\/v2\/posts\/28034"}],"collection":[{"href":"https:\/\/zonalimitrofe-cbnr.com\/index.php\/wp-json\/wp\/v2\/posts"}],"about":[{"href":"https:\/\/zonalimitrofe-cbnr.com\/index.php\/wp-json\/wp\/v2\/types\/post"}],"author":[{"embeddable":true,"href":"https:\/\/zonalimitrofe-cbnr.com\/index.php\/wp-json\/wp\/v2\/users\/1"}],"replies":[{"embeddable":true,"href":"https:\/\/zonalimitrofe-cbnr.com\/index.php\/wp-json\/wp\/v2\/comments?post=28034"}],"version-history":[{"count":1,"href":"https:\/\/zonalimitrofe-cbnr.com\/index.php\/wp-json\/wp\/v2\/posts\/28034\/revisions"}],"predecessor-version":[{"id":28036,"href":"https:\/\/zonalimitrofe-cbnr.com\/index.php\/wp-json\/wp\/v2\/posts\/28034\/revisions\/28036"}],"wp:featuredmedia":[{"embeddable":true,"href":"https:\/\/zonalimitrofe-cbnr.com\/index.php\/wp-json\/wp\/v2\/media\/28035"}],"wp:attachment":[{"href":"https:\/\/zonalimitrofe-cbnr.com\/index.php\/wp-json\/wp\/v2\/media?parent=28034"}],"wp:term":[{"taxonomy":"category","embeddable":true,"href":"https:\/\/zonalimitrofe-cbnr.com\/index.php\/wp-json\/wp\/v2\/categories?post=28034"},{"taxonomy":"post_tag","embeddable":true,"href":"https:\/\/zonalimitrofe-cbnr.com\/index.php\/wp-json\/wp\/v2\/tags?post=28034"}],"curies":[{"name":"wp","href":"https:\/\/api.w.org\/{rel}","templated":true}]}}