{"id":28031,"date":"2025-12-14T20:13:57","date_gmt":"2025-12-15T02:13:57","guid":{"rendered":"https:\/\/zonalimitrofe-cbnr.com\/?p=28031"},"modified":"2025-12-14T20:13:57","modified_gmt":"2025-12-15T02:13:57","slug":"torreon-bomberos-de-torreon-replican-conocimientos-de-certificacion-internacional-de-extraccion-vehicular","status":"publish","type":"post","link":"https:\/\/zonalimitrofe-cbnr.com\/index.php\/2025\/12\/14\/torreon-bomberos-de-torreon-replican-conocimientos-de-certificacion-internacional-de-extraccion-vehicular\/","title":{"rendered":"#Torre\u00f3n. Bomberos de Torre\u00f3n replican conocimientos de certificaci\u00f3n internacional de \u201cExtracci\u00f3n Vehicular\u201d"},"content":{"rendered":"\n<p><strong>Torre\u00f3n, Coahuila. A 14 de diciembre de 2025<\/strong>.- Bomberos de Torre\u00f3n llevaron a cabo el curso de capacitaci\u00f3n de \u201cExtracci\u00f3n Vehicular\u201d donde participaron 65 elementos de diferentes estaciones de la ciudad, as\u00ed como de San Pedro, Piedras Negras y param\u00e9dicos de la Cruz Roja de esta ciudad. Esta capacitaci\u00f3n, se\u00f1al\u00f3 Jorge Luis Ju\u00e1rez Llanas, director de Protecci\u00f3n Civil y Bomberos, se desprende del curso que 10 elementos de Bomberos tomaron en Carolina del Norte recientemente. \u201cAl regresar de los cursos que toman, los elementos capacitados comparten los conocimientos obtenidos con sus compa\u00f1eros, con el objetivo de fortalecer la capacidad del Cuerpo de Bomberos de Torre\u00f3n. En esta ocasi\u00f3n esta certificaci\u00f3n permite el enfrentar emergencias bajo los protocolos de la NFPA, homologando as\u00ed los procedimientos con est\u00e1ndares internacionales reconocidos en el \u00e1mbito de la protecci\u00f3n contra incendios\u201d, detall\u00f3. Record\u00f3 que dicha capacitaci\u00f3n internacional fue posible gracias al respaldo del alcalde Rom\u00e1n Alberto Cepeda Gonz\u00e1lez y al apoyo del Patronato del Cuerpo de Bomberos, y destac\u00f3 que la formaci\u00f3n permitir\u00e1 a los elementos ofrecer un servicio m\u00e1s eficiente y seguro a la ciudadan\u00eda, reforzando su profesionalizaci\u00f3n y capacidad operativa. Durante el curso, los participantes se actualizaron sobre conocimientos en t\u00e1cticas avanzadas, estrategias de ataque y control de incendios, as\u00ed como en protocolos de intervenci\u00f3n ante siniestros estructurales y operaciones de rescate. Ju\u00e1rez Llanas mencion\u00f3 que en situaciones de emergencia la capacidad de liberar a personas atrapadas en veh\u00edculos puede ser la diferencia entre la vida y la muerte. \u201cEs por eso que la capacitaci\u00f3n continua y especializada en este campo es fundamental para garantizar la seguridad y eficacia de los equipos de rescate\u201d. Explic\u00f3 que durante la capacitaci\u00f3n, los elementos aprendieron t\u00e9cnicas y protocolos para evaluar la escena, estabilizar el veh\u00edculo y liberar a las v\u00edctimas de manera segura. Lo anterior incluye el uso de herramientas especializadas como tijeras hidr\u00e1ulicas, expansores y sierras, as\u00ed como la aplicaci\u00f3n de t\u00e9cnicas de corte y separaci\u00f3n de metales. Adem\u00e1s, se enfatiz\u00f3 sobre la importancia de la comunicaci\u00f3n efectiva y el trabajo en equipo para garantizar una operaci\u00f3n de rescate exitosa. \u201cLa capacitaci\u00f3n en extracci\u00f3n vehicular no solo mejora las habilidades t\u00e9cnicas de los bomberos, sino que tambi\u00e9n aumenta su confianza y capacidad para responder a emergencias complejas\u201d. Ju\u00e1rez Llanas reiter\u00f3 a la comunidad que en caso de alguna situaci\u00f3n de riesgo, se pueden comunicar al n\u00famero de emergencia 911 o a la l\u00ednea directa 871 7120066.<\/p>\n","protected":false},"excerpt":{"rendered":"<p>Torre\u00f3n, Coahuila. A 14 de diciembre de 2025.- Bomberos de Torre\u00f3n llevaron a cabo el curso de capacitaci\u00f3n de \u201cExtracci\u00f3n Vehicular\u201d donde participaron 65 elementos de diferentes estaciones de la ciudad, as\u00ed como de San Pedro, Piedras Negras y param\u00e9dicos de la Cruz Roja de esta ciudad. Esta capacitaci\u00f3n, se\u00f1al\u00f3 Jorge Luis Ju\u00e1rez Llanas, director [&hellip;]<\/p>\n","protected":false},"author":1,"featured_media":28032,"comment_status":"open","ping_status":"open","sticky":false,"template":"","format":"standard","meta":{"_monsterinsights_skip_tracking":false,"_monsterinsights_sitenote_active":false,"_monsterinsights_sitenote_note":"","_monsterinsights_sitenote_category":0,"footnotes":""},"categories":[1],"tags":[],"_links":{"self":[{"href":"https:\/\/zonalimitrofe-cbnr.com\/index.php\/wp-json\/wp\/v2\/posts\/28031"}],"collection":[{"href":"https:\/\/zonalimitrofe-cbnr.com\/index.php\/wp-json\/wp\/v2\/posts"}],"about":[{"href":"https:\/\/zonalimitrofe-cbnr.com\/index.php\/wp-json\/wp\/v2\/types\/post"}],"author":[{"embeddable":true,"href":"https:\/\/zonalimitrofe-cbnr.com\/index.php\/wp-json\/wp\/v2\/users\/1"}],"replies":[{"embeddable":true,"href":"https:\/\/zonalimitrofe-cbnr.com\/index.php\/wp-json\/wp\/v2\/comments?post=28031"}],"version-history":[{"count":1,"href":"https:\/\/zonalimitrofe-cbnr.com\/index.php\/wp-json\/wp\/v2\/posts\/28031\/revisions"}],"predecessor-version":[{"id":28033,"href":"https:\/\/zonalimitrofe-cbnr.com\/index.php\/wp-json\/wp\/v2\/posts\/28031\/revisions\/28033"}],"wp:featuredmedia":[{"embeddable":true,"href":"https:\/\/zonalimitrofe-cbnr.com\/index.php\/wp-json\/wp\/v2\/media\/28032"}],"wp:attachment":[{"href":"https:\/\/zonalimitrofe-cbnr.com\/index.php\/wp-json\/wp\/v2\/media?parent=28031"}],"wp:term":[{"taxonomy":"category","embeddable":true,"href":"https:\/\/zonalimitrofe-cbnr.com\/index.php\/wp-json\/wp\/v2\/categories?post=28031"},{"taxonomy":"post_tag","embeddable":true,"href":"https:\/\/zonalimitrofe-cbnr.com\/index.php\/wp-json\/wp\/v2\/tags?post=28031"}],"curies":[{"name":"wp","href":"https:\/\/api.w.org\/{rel}","templated":true}]}}