{"id":28022,"date":"2025-12-14T19:08:44","date_gmt":"2025-12-15T01:08:44","guid":{"rendered":"https:\/\/zonalimitrofe-cbnr.com\/?p=28022"},"modified":"2025-12-14T19:08:45","modified_gmt":"2025-12-15T01:08:45","slug":"lerdo-susy-torrecillas-firmo-convenio-con-la-universidad-ual-apuesta-por-la-profesionalizacion","status":"publish","type":"post","link":"https:\/\/zonalimitrofe-cbnr.com\/index.php\/2025\/12\/14\/lerdo-susy-torrecillas-firmo-convenio-con-la-universidad-ual-apuesta-por-la-profesionalizacion\/","title":{"rendered":"#Lerdo. SUSY TORRECILLAS FIRM\u00d3 CONVENIO CON LA UNIVERSIDAD UAL: APUESTA POR LA PROFESIONALIZACI\u00d3N*"},"content":{"rendered":"\n<p>Lerdo, 14 de diciembre 2025.- Con el firme compromiso de fortalecer la profesionalizaci\u00f3n del servicio p\u00fablico y abrir nuevas oportunidades de desarrollo acad\u00e9mico, la Presidenta Municipal, Susy Carolina Torrecillas Salazar llev\u00f3 a cabo la firma de un Convenio de Colaboraci\u00f3n con la Universidad Aut\u00f3noma de la Laguna (UAL).<\/p>\n\n\n\n<p>La Alcaldesa recibi\u00f3 en el despacho presidencial, al rector de la Universidad Aut\u00f3noma de la Laguna, Omar Garc\u00eda Cant\u00fa; al director de Vinculaci\u00f3n, Jos\u00e9 Gerardo Mart\u00edn Sarabia y estuvo acompalada del secretario del Ayuntamiento, Aldo Rubio Mart\u00ednez.<\/p>\n\n\n\n<p>Durante su mensaje, la Presidenta Municipal destac\u00f3 que este tipo de alianzas entre el gobierno municipal y las instituciones educativas refuerzan la preparaci\u00f3n acad\u00e9mica de quienes integran el servicio p\u00fablico, lo que se traduce en una atenci\u00f3n m\u00e1s eficiente, profesional y comprometida con la ciudadan\u00eda.<\/p>\n\n\n\n<p>Este acuerdo tiene como objetivo principal facilitar el acceso a la educaci\u00f3n superior y de posgrado al personal del Ayuntamiento de Lerdo y a sus familiares, mediante el otorgamiento de becas que van del 20 al 50 por ciento de descuento en diversas licenciaturas, as\u00ed como en programas de especializaci\u00f3n, maestr\u00eda y doctorado.<\/p>\n\n\n\n<p>Subray\u00f3 adem\u00e1s la importancia de impulsar la superaci\u00f3n personal y acad\u00e9mica como un pilar fundamental para el desarrollo del municipio.<\/p>\n\n\n\n<p>Cabe se\u00f1alar que el convenio ya se encuentra vigente, por lo que las personas interesadas podr\u00e1n acceder de manera inmediata a este beneficio para iniciar o continuar su proceso de formaci\u00f3n profesional.<\/p>\n\n\n\n<p>Con acciones como esta, el Gobierno Municipal de Lerdo reafirma su apuesta por la educaci\u00f3n, la capacitaci\u00f3n constante y la construcci\u00f3n de un servicio p\u00fablico m\u00e1s preparado y eficiente, en beneficio de toda la comunidad.<\/p>\n","protected":false},"excerpt":{"rendered":"<p>Lerdo, 14 de diciembre 2025.- Con el firme compromiso de fortalecer la profesionalizaci\u00f3n del servicio p\u00fablico y abrir nuevas oportunidades de desarrollo acad\u00e9mico, la Presidenta Municipal, Susy Carolina Torrecillas Salazar llev\u00f3 a cabo la firma de un Convenio de Colaboraci\u00f3n con la Universidad Aut\u00f3noma de la Laguna (UAL). La Alcaldesa recibi\u00f3 en el despacho presidencial, [&hellip;]<\/p>\n","protected":false},"author":1,"featured_media":28023,"comment_status":"open","ping_status":"open","sticky":false,"template":"","format":"standard","meta":{"_monsterinsights_skip_tracking":false,"_monsterinsights_sitenote_active":false,"_monsterinsights_sitenote_note":"","_monsterinsights_sitenote_category":0,"footnotes":""},"categories":[1],"tags":[],"_links":{"self":[{"href":"https:\/\/zonalimitrofe-cbnr.com\/index.php\/wp-json\/wp\/v2\/posts\/28022"}],"collection":[{"href":"https:\/\/zonalimitrofe-cbnr.com\/index.php\/wp-json\/wp\/v2\/posts"}],"about":[{"href":"https:\/\/zonalimitrofe-cbnr.com\/index.php\/wp-json\/wp\/v2\/types\/post"}],"author":[{"embeddable":true,"href":"https:\/\/zonalimitrofe-cbnr.com\/index.php\/wp-json\/wp\/v2\/users\/1"}],"replies":[{"embeddable":true,"href":"https:\/\/zonalimitrofe-cbnr.com\/index.php\/wp-json\/wp\/v2\/comments?post=28022"}],"version-history":[{"count":1,"href":"https:\/\/zonalimitrofe-cbnr.com\/index.php\/wp-json\/wp\/v2\/posts\/28022\/revisions"}],"predecessor-version":[{"id":28024,"href":"https:\/\/zonalimitrofe-cbnr.com\/index.php\/wp-json\/wp\/v2\/posts\/28022\/revisions\/28024"}],"wp:featuredmedia":[{"embeddable":true,"href":"https:\/\/zonalimitrofe-cbnr.com\/index.php\/wp-json\/wp\/v2\/media\/28023"}],"wp:attachment":[{"href":"https:\/\/zonalimitrofe-cbnr.com\/index.php\/wp-json\/wp\/v2\/media?parent=28022"}],"wp:term":[{"taxonomy":"category","embeddable":true,"href":"https:\/\/zonalimitrofe-cbnr.com\/index.php\/wp-json\/wp\/v2\/categories?post=28022"},{"taxonomy":"post_tag","embeddable":true,"href":"https:\/\/zonalimitrofe-cbnr.com\/index.php\/wp-json\/wp\/v2\/tags?post=28022"}],"curies":[{"name":"wp","href":"https:\/\/api.w.org\/{rel}","templated":true}]}}