{"id":28013,"date":"2025-12-13T17:40:12","date_gmt":"2025-12-13T23:40:12","guid":{"rendered":"https:\/\/zonalimitrofe-cbnr.com\/?p=28013"},"modified":"2025-12-13T17:40:13","modified_gmt":"2025-12-13T23:40:13","slug":"torreon-medio-ambiente-dara-inicio-la-temporada-de-poda-libre","status":"publish","type":"post","link":"https:\/\/zonalimitrofe-cbnr.com\/index.php\/2025\/12\/13\/torreon-medio-ambiente-dara-inicio-la-temporada-de-poda-libre\/","title":{"rendered":"#Torre\u00f3n. Medio Ambiente dar\u00e1 inicio la temporada de poda libre"},"content":{"rendered":"\n<p>Torre\u00f3n, Coahuila. A 13 de diciembre de 2025<\/p>\n\n\n\n<p>La Administraci\u00f3n Municipal, a trav\u00e9s de la Direcci\u00f3n General de Medio Ambiente, informa a la ciudadan\u00eda que a partir del 15 de diciembre dar\u00e1 inicio la temporada de poda libre, la cual concluir\u00e1 hasta el 28 de febrero de 2026.<\/p>\n\n\n\n<p>Este periodo tiene como objetivo promover el adecuado mantenimiento del arbolado urbano, garantizando la protecci\u00f3n del entorno natural y la seguridad de la poblaci\u00f3n.<\/p>\n\n\n\n<p>Marcelo S\u00e1nchez Adame, titular de la dependencia, dio a conocer que durante esta temporada, se podr\u00e1n realizar podas sin necesidad de permiso, siempre que dichas intervenciones no excedan el 30 por ciento del \u00e1rea foliar del \u00e1rbol o arbusto.<\/p>\n\n\n\n<p>En caso de que se requiera realizar una poda mayor al porcentaje, ya sea para evitar riesgos a las personas, sus bienes, o por necesidades espec\u00edficas de mantenimiento, ser\u00e1 indispensable solicitar la autorizaci\u00f3n correspondiente ante la dependencia antes de proceder.<\/p>\n\n\n\n<p>Asimismo, el funcionario resalt\u00f3 que toda persona que realice u ordene una poda, es responsable de la disposici\u00f3n final adecuada del material vegetativo.<\/p>\n\n\n\n<p>Para ello, dijo que se encuentra destinado el Centro de Transferencia ubicado en el Bosque Urbano, en calzada Juan Pablo II, sin n\u00famero, colonia Residencial Las Etnias, como un espacio autorizado para recibir este tipo de residuos y garantizar su manejo responsable.<\/p>\n\n\n\n<p>S\u00e1nchez Adame dijo que es importante el compromiso ciudadano con el cuidado del arbolado urbano. \u201cUna poda adecuada favorece el buen desarrollo de los \u00e1rboles y reduce riesgos, por lo que es fundamental realizarla de manera informada\u201d.<\/p>\n\n\n\n<p>Para quienes necesiten tramitar un permiso o requieran orientaci\u00f3n sobre los lineamientos de poda, Medio Ambiente pone a disposici\u00f3n el tel\u00e9fono 871 500 7000, extensi\u00f3n 1437, o mediante la p\u00e1gina de Facebook: Medio Ambiente Torre\u00f3n, donde se brindar\u00e1 la informaci\u00f3n correspondiente.<\/p>\n\n\n\n<p>Finalmente, el director invit\u00f3 a la ciudadan\u00eda a participar de manera activa y consciente en la preservaci\u00f3n del entorno, como es un inter\u00e9s permanente en la<\/p>\n\n\n\n<p>Administraci\u00f3n del alcalde Rom\u00e1n Alberto Cepeda Gonz\u00e1lez, el colaborar sociedad y gobierno para mantener una ciudad m\u00e1s verde, segura y sustentable.<\/p>\n","protected":false},"excerpt":{"rendered":"<p>Torre\u00f3n, Coahuila. A 13 de diciembre de 2025 La Administraci\u00f3n Municipal, a trav\u00e9s de la Direcci\u00f3n General de Medio Ambiente, informa a la ciudadan\u00eda que a partir del 15 de diciembre dar\u00e1 inicio la temporada de poda libre, la cual concluir\u00e1 hasta el 28 de febrero de 2026. Este periodo tiene como objetivo promover el [&hellip;]<\/p>\n","protected":false},"author":1,"featured_media":28014,"comment_status":"open","ping_status":"open","sticky":false,"template":"","format":"standard","meta":{"_monsterinsights_skip_tracking":false,"_monsterinsights_sitenote_active":false,"_monsterinsights_sitenote_note":"","_monsterinsights_sitenote_category":0,"footnotes":""},"categories":[1],"tags":[],"_links":{"self":[{"href":"https:\/\/zonalimitrofe-cbnr.com\/index.php\/wp-json\/wp\/v2\/posts\/28013"}],"collection":[{"href":"https:\/\/zonalimitrofe-cbnr.com\/index.php\/wp-json\/wp\/v2\/posts"}],"about":[{"href":"https:\/\/zonalimitrofe-cbnr.com\/index.php\/wp-json\/wp\/v2\/types\/post"}],"author":[{"embeddable":true,"href":"https:\/\/zonalimitrofe-cbnr.com\/index.php\/wp-json\/wp\/v2\/users\/1"}],"replies":[{"embeddable":true,"href":"https:\/\/zonalimitrofe-cbnr.com\/index.php\/wp-json\/wp\/v2\/comments?post=28013"}],"version-history":[{"count":1,"href":"https:\/\/zonalimitrofe-cbnr.com\/index.php\/wp-json\/wp\/v2\/posts\/28013\/revisions"}],"predecessor-version":[{"id":28015,"href":"https:\/\/zonalimitrofe-cbnr.com\/index.php\/wp-json\/wp\/v2\/posts\/28013\/revisions\/28015"}],"wp:featuredmedia":[{"embeddable":true,"href":"https:\/\/zonalimitrofe-cbnr.com\/index.php\/wp-json\/wp\/v2\/media\/28014"}],"wp:attachment":[{"href":"https:\/\/zonalimitrofe-cbnr.com\/index.php\/wp-json\/wp\/v2\/media?parent=28013"}],"wp:term":[{"taxonomy":"category","embeddable":true,"href":"https:\/\/zonalimitrofe-cbnr.com\/index.php\/wp-json\/wp\/v2\/categories?post=28013"},{"taxonomy":"post_tag","embeddable":true,"href":"https:\/\/zonalimitrofe-cbnr.com\/index.php\/wp-json\/wp\/v2\/tags?post=28013"}],"curies":[{"name":"wp","href":"https:\/\/api.w.org\/{rel}","templated":true}]}}