{"id":27926,"date":"2025-12-10T20:21:58","date_gmt":"2025-12-11T02:21:58","guid":{"rendered":"https:\/\/zonalimitrofe-cbnr.com\/?p=27926"},"modified":"2025-12-10T20:21:58","modified_gmt":"2025-12-11T02:21:58","slug":"gp-betzabe-martinez-afirma-que-gomez-palacio-esta-listo-para-convertirse-en-un-referente-industrial-de-la-region","status":"publish","type":"post","link":"https:\/\/zonalimitrofe-cbnr.com\/index.php\/2025\/12\/10\/gp-betzabe-martinez-afirma-que-gomez-palacio-esta-listo-para-convertirse-en-un-referente-industrial-de-la-region\/","title":{"rendered":"#GP. Betzab\u00e9 Mart\u00ednez afirma que G\u00f3mez Palacio est\u00e1 listo para convertirse en un referente industrial de la regi\u00f3n*"},"content":{"rendered":"\n<p>\u2022 \u201cEl empuje de Betzab\u00e9 Mart\u00ednez mantiene una din\u00e1mica que merece nuestro apoyo y reconocimiento\u201d: Eduardo Tricio<br>\u2022 Con la instalaci\u00f3n del CAPEI inicia una nueva etapa de colaboraci\u00f3n entre el gobierno municipal y el sector productivo<\/p>\n\n\n\n<p>G\u00f3mez Palacio dio este mi\u00e9rcoles un paso decisivo hacia la consolidaci\u00f3n de su nueva ruta de desarrollo econ\u00f3mico. En un encuentro con representantes de la industria, el comercio y el sector educativo, la alcaldesa Betzab\u00e9 Mart\u00ednez Arango encabez\u00f3 la instalaci\u00f3n del Consejo Asesor para la Prosperidad Econ\u00f3mica e Inversiones (CAPEI), \u00f3rgano consultivo que marcar\u00e1 la pauta para atraer inversiones, fortalecer a las empresas instaladas y posicionar al municipio como un nuevo polo industrial estrat\u00e9gico.<\/p>\n\n\n\n<p>\u201cHoy comenzamos una etapa donde gobierno y sector productivo caminamos juntos, con rumbo y con visi\u00f3n. Y en este camino es un honor contar con un lagunero ejemplar: el ingeniero Eduardo Tricio Haro, un l\u00edder estrat\u00e9gico que siempre ha apostado por esta tierra. Un hombre que no solo impulsa inversiones y cadenas productivas; impulsa esperanza, oportunidades y orgullo lagunero\u201d, expres\u00f3 la Alcaldesa.<\/p>\n\n\n\n<p>Betzab\u00e9 Mart\u00ednez asegur\u00f3 que G\u00f3mez Palacio est\u00e1 listo para competir, para atraer m\u00e1s industria, para generar empleos de calidad y para convertirse en un referente regional del crecimiento econ\u00f3mico.<\/p>\n\n\n\n<p>Durante su intervenci\u00f3n, Eduardo Tricio, uno de los empresarios m\u00e1s influyentes del pa\u00eds, hizo un recorrido hist\u00f3rico sobre los inicios de Grupo Lala en G\u00f3mez Palacio y subray\u00f3 los retos actuales de la competencia econ\u00f3mica global. Se\u00f1al\u00f3 dos prioridades que deben atenderse desde la unidad:<br>1. Atraer inversiones que generen empleos bien remunerados, y<br>2. Proteger a las empresas ya instaladas mediante seguridad, estabilidad laboral, infraestructura adecuada y servicios competitivos.<\/p>\n\n\n\n<p>\u201cTodo lo que sea bueno para G\u00f3mez Palacio y para La Laguna siempre contar\u00e1 con nuestro respaldo\u201d, afirm\u00f3 Tricio, reconociendo el impulso y liderazgo de la alcaldesa.<\/p>\n\n\n\n<p>El evento se realiz\u00f3 en las instalaciones de Nuplen, empresa del consorcio Lala ubicada en el Parque Industrial de G\u00f3mez Palacio, con la asistencia de c\u00e1maras empresariales, instituciones educativas y l\u00edderes industriales. Ah\u00ed, Betzab\u00e9 Mart\u00ednez tom\u00f3 protesta a las y los integrantes del CAPEI, agradeciendo su disposici\u00f3n para trabajar por el desarrollo del municipio.<\/p>\n\n\n\n<p>El Consejo ser\u00e1 coordinado por el empresario Augusto \u00c1valos, mientras que Gabriela M\u00e1rquez fungir\u00e1 como secretaria t\u00e9cnica. Tambi\u00e9n lo integran representantes de empresas exportadoras, parques industriales, c\u00e1maras empresariales, comercios organizados, as\u00ed como regidores y el s\u00edndico municipal, Juan Gonz\u00e1lez D\u00edaz.<\/p>\n\n\n\n<p>\u201cEste Consejo no es un protocolo; es una decisi\u00f3n estrat\u00e9gica para que G\u00f3mez Palacio deje de ser solo una ciudad con potencial y se convierta en una ciudad que concreta su futuro\u201d, concluy\u00f3 Betzab\u00e9 Mart\u00ednez.<\/p>\n","protected":false},"excerpt":{"rendered":"<p>\u2022 \u201cEl empuje de Betzab\u00e9 Mart\u00ednez mantiene una din\u00e1mica que merece nuestro apoyo y reconocimiento\u201d: Eduardo Tricio\u2022 Con la instalaci\u00f3n del CAPEI inicia una nueva etapa de colaboraci\u00f3n entre el gobierno municipal y el sector productivo G\u00f3mez Palacio dio este mi\u00e9rcoles un paso decisivo hacia la consolidaci\u00f3n de su nueva ruta de desarrollo econ\u00f3mico. En [&hellip;]<\/p>\n","protected":false},"author":1,"featured_media":27927,"comment_status":"open","ping_status":"open","sticky":false,"template":"","format":"standard","meta":{"_monsterinsights_skip_tracking":false,"_monsterinsights_sitenote_active":false,"_monsterinsights_sitenote_note":"","_monsterinsights_sitenote_category":0,"footnotes":""},"categories":[1],"tags":[],"_links":{"self":[{"href":"https:\/\/zonalimitrofe-cbnr.com\/index.php\/wp-json\/wp\/v2\/posts\/27926"}],"collection":[{"href":"https:\/\/zonalimitrofe-cbnr.com\/index.php\/wp-json\/wp\/v2\/posts"}],"about":[{"href":"https:\/\/zonalimitrofe-cbnr.com\/index.php\/wp-json\/wp\/v2\/types\/post"}],"author":[{"embeddable":true,"href":"https:\/\/zonalimitrofe-cbnr.com\/index.php\/wp-json\/wp\/v2\/users\/1"}],"replies":[{"embeddable":true,"href":"https:\/\/zonalimitrofe-cbnr.com\/index.php\/wp-json\/wp\/v2\/comments?post=27926"}],"version-history":[{"count":1,"href":"https:\/\/zonalimitrofe-cbnr.com\/index.php\/wp-json\/wp\/v2\/posts\/27926\/revisions"}],"predecessor-version":[{"id":27928,"href":"https:\/\/zonalimitrofe-cbnr.com\/index.php\/wp-json\/wp\/v2\/posts\/27926\/revisions\/27928"}],"wp:featuredmedia":[{"embeddable":true,"href":"https:\/\/zonalimitrofe-cbnr.com\/index.php\/wp-json\/wp\/v2\/media\/27927"}],"wp:attachment":[{"href":"https:\/\/zonalimitrofe-cbnr.com\/index.php\/wp-json\/wp\/v2\/media?parent=27926"}],"wp:term":[{"taxonomy":"category","embeddable":true,"href":"https:\/\/zonalimitrofe-cbnr.com\/index.php\/wp-json\/wp\/v2\/categories?post=27926"},{"taxonomy":"post_tag","embeddable":true,"href":"https:\/\/zonalimitrofe-cbnr.com\/index.php\/wp-json\/wp\/v2\/tags?post=27926"}],"curies":[{"name":"wp","href":"https:\/\/api.w.org\/{rel}","templated":true}]}}