{"id":27919,"date":"2025-12-10T19:10:04","date_gmt":"2025-12-11T01:10:04","guid":{"rendered":"https:\/\/zonalimitrofe-cbnr.com\/?p=27919"},"modified":"2025-12-10T19:10:04","modified_gmt":"2025-12-11T01:10:04","slug":"lerdo-atencion-a-seres-sintientes-pcyb-rescata-panal-de-abejas","status":"publish","type":"post","link":"https:\/\/zonalimitrofe-cbnr.com\/index.php\/2025\/12\/10\/lerdo-atencion-a-seres-sintientes-pcyb-rescata-panal-de-abejas\/","title":{"rendered":"#Lerdo. ATENCI\u00d3N A SERES SINTIENTES: PCYB RESCATA PANAL DE ABEJAS*"},"content":{"rendered":"\n<p>Lerdo, 10 de diciembre 2025.- Por indicaciones precisas de la Presidenta Municipal Susy Torrecillas Salazar, la Coordinaci\u00f3n de Protecci\u00f3n Civil y Bomberos atendi\u00f3, el pasado martes alrededor de las 6:30 de la tarde, un reporte ciudadano sobre la presencia de un panal de abejas en la Villa de Juan E. Garc\u00eda.<\/p>\n\n\n\n<p>Sinhue de Jes\u00fas Ortiz, director de Protecci\u00f3n Civil y Bomberos, inform\u00f3 que, tras recibir el aviso a trav\u00e9s de la l\u00ednea baja, personal de la corporaci\u00f3n acudi\u00f3 de inmediato con equipo especializado, herramientas y la unidad correspondiente, con el objetivo de atender la situaci\u00f3n sin causar da\u00f1o a los insectos y actuando con total responsabilidad.<\/p>\n\n\n\n<p>El panal se encontraba en un \u00e1rbol dentro de una escuela primaria de la localidad. Para acceder a \u00e9l, fue necesario seccionar parte del \u00e1rbol; posteriormente, el panal fue rescatado y colocado en una colmena de madera, lo que permiti\u00f3 trasladarlo de manera segura a un apiario ubicado en la Escuela Secundaria T\u00e9cnica No. 65 \u201cRam\u00f3n L\u00f3pez Valdez\u201d. La intervenci\u00f3n concluy\u00f3 sin incidentes ni personas lesionadas.<\/p>\n\n\n\n<p>El funcionario hizo un llamado a la poblaci\u00f3n para reportar la presencia de panales de abejas, directamente al n\u00famero 911, o al tel\u00e9fono interno de la dependencia 87 17 25 32 52, dentro de las recomendaciones, se pide no alterar a las abejas, no agredirlas, establecer un per\u00edmetro de seguridad, y esperar al personal de emergencia, quienes determinar\u00e1n la suspensi\u00f3n de actividades o la evacuaci\u00f3n del espacio de ser necesario.<\/p>\n\n\n\n<p>Cabe se\u00f1alar que, por instrucci\u00f3n de la Presidenta Municipal, los elementos de Protecci\u00f3n Civil, Bomberos y Medio Ambiente recibir\u00e1n una capacitaci\u00f3n especializada sobre el manejo de panales de abejas, con el fin de fortalecer las capacidades t\u00e9cnicas para el manejo de enjambres y panales de abejas de manera segura, eficaz y as\u00ed proteger a la poblaci\u00f3n civil de posibles accidentes.<\/p>\n","protected":false},"excerpt":{"rendered":"<p>Lerdo, 10 de diciembre 2025.- Por indicaciones precisas de la Presidenta Municipal Susy Torrecillas Salazar, la Coordinaci\u00f3n de Protecci\u00f3n Civil y Bomberos atendi\u00f3, el pasado martes alrededor de las 6:30 de la tarde, un reporte ciudadano sobre la presencia de un panal de abejas en la Villa de Juan E. Garc\u00eda. Sinhue de Jes\u00fas Ortiz, [&hellip;]<\/p>\n","protected":false},"author":1,"featured_media":27920,"comment_status":"open","ping_status":"open","sticky":false,"template":"","format":"standard","meta":{"_monsterinsights_skip_tracking":false,"_monsterinsights_sitenote_active":false,"_monsterinsights_sitenote_note":"","_monsterinsights_sitenote_category":0,"footnotes":""},"categories":[1],"tags":[],"_links":{"self":[{"href":"https:\/\/zonalimitrofe-cbnr.com\/index.php\/wp-json\/wp\/v2\/posts\/27919"}],"collection":[{"href":"https:\/\/zonalimitrofe-cbnr.com\/index.php\/wp-json\/wp\/v2\/posts"}],"about":[{"href":"https:\/\/zonalimitrofe-cbnr.com\/index.php\/wp-json\/wp\/v2\/types\/post"}],"author":[{"embeddable":true,"href":"https:\/\/zonalimitrofe-cbnr.com\/index.php\/wp-json\/wp\/v2\/users\/1"}],"replies":[{"embeddable":true,"href":"https:\/\/zonalimitrofe-cbnr.com\/index.php\/wp-json\/wp\/v2\/comments?post=27919"}],"version-history":[{"count":1,"href":"https:\/\/zonalimitrofe-cbnr.com\/index.php\/wp-json\/wp\/v2\/posts\/27919\/revisions"}],"predecessor-version":[{"id":27921,"href":"https:\/\/zonalimitrofe-cbnr.com\/index.php\/wp-json\/wp\/v2\/posts\/27919\/revisions\/27921"}],"wp:featuredmedia":[{"embeddable":true,"href":"https:\/\/zonalimitrofe-cbnr.com\/index.php\/wp-json\/wp\/v2\/media\/27920"}],"wp:attachment":[{"href":"https:\/\/zonalimitrofe-cbnr.com\/index.php\/wp-json\/wp\/v2\/media?parent=27919"}],"wp:term":[{"taxonomy":"category","embeddable":true,"href":"https:\/\/zonalimitrofe-cbnr.com\/index.php\/wp-json\/wp\/v2\/categories?post=27919"},{"taxonomy":"post_tag","embeddable":true,"href":"https:\/\/zonalimitrofe-cbnr.com\/index.php\/wp-json\/wp\/v2\/tags?post=27919"}],"curies":[{"name":"wp","href":"https:\/\/api.w.org\/{rel}","templated":true}]}}