{"id":27913,"date":"2025-12-09T22:06:49","date_gmt":"2025-12-10T04:06:49","guid":{"rendered":"https:\/\/zonalimitrofe-cbnr.com\/?p=27913"},"modified":"2025-12-09T22:06:49","modified_gmt":"2025-12-10T04:06:49","slug":"coahuila-tiene-la-mejor-capital-de-todo-mexico-manolo","status":"publish","type":"post","link":"https:\/\/zonalimitrofe-cbnr.com\/index.php\/2025\/12\/09\/coahuila-tiene-la-mejor-capital-de-todo-mexico-manolo\/","title":{"rendered":"#COAHUILA TIENE LA MEJOR CAPITAL DE TODO M\u00c9XICO: MANOLO"},"content":{"rendered":"\n<p>\u00b7&nbsp;&nbsp;&nbsp;&nbsp;&nbsp;&nbsp;<em>Acompa\u00f1a Gobernador del Estado al alcalde de Saltillo, Javier D\u00edaz, en su primer Informe de Resultados.<\/em><\/p>\n\n\n\n<p>\u00b7&nbsp;&nbsp;&nbsp;&nbsp;&nbsp;&nbsp;<em>Convoca a las y los coahuilenses a seguir trabajando en unidad.<\/em><\/p>\n\n\n\n<p>Saltillo, Coahuila de Zaragoza; a 09 de diciembre de 2025.- El gobernador Manolo Jim\u00e9nez Salinas reconoci\u00f3 los logros y avances que se han obtenido en el primer a\u00f1o de la administraci\u00f3n del alcalde Javier D\u00edaz, y destac\u00f3 que estos resultados no son obra de la casualidad, sino que son producto del trabajo de todas y todos.&nbsp;<\/p>\n\n\n\n<p>&#8220;Hoy acompa\u00f1amos a nuestro amigo Javier D\u00edaz, alcalde de Saltillo, en su Primer Informe, en el cual present\u00f3 excelentes resultados. \u00a1En equipo hemos logrado consolidar grandes proyectos, programas y obras para bien de los saltillenses y vamos por m\u00e1s! La capital de Coahuila es la mejor capital de todo M\u00e9xico&#8221;, destac\u00f3 el gobernador.<\/p>\n\n\n\n<p>Asegur\u00f3 que 2026 ser\u00e1 un gran a\u00f1o para Saltillo y para Coahuila, gracias al trabajo en equipo que se realiza con las y los alcaldes de todo el estado.<\/p>\n\n\n\n<p>Luego de felicitar y reconocer los logros y avances de Javier D\u00edaz durante su primer a\u00f1o al frente de la administraci\u00f3n municipal, Manolo Jim\u00e9nez destac\u00f3 que, para poder seguir teniendo estos resultados, para poder seguir haciendo de Saltillo y de Coahuila un ejemplo a nivel nacional, es fundamental seguir trabajando unidos, y que Saltillo y Coahuila sigan siendo punto de encuentro para trabajar por toda la gente.&nbsp;<\/p>\n\n\n\n<p>\u201cQuiero convocar a las y los saltillenses, a las y los coahuilenses, a seguir trabajando en unidad para que Coahuila siga siendo de los mejores estados para vivir en todo M\u00e9xico\u201d, mencion\u00f3.<\/p>\n\n\n\n<p>Jim\u00e9nez Salinas se\u00f1al\u00f3 que as\u00ed como est\u00e1n haciendo equipo en Saltillo, su gobierno sigue cumpliendo compromisos de campa\u00f1a al llevar desarrollo parejo a todas las regiones de Coahuila.&nbsp;<\/p>\n\n\n\n<p>\u201cAs\u00ed como estamos jalando en la regi\u00f3n Sureste, tambi\u00e9n lo estamos haciendo en La Laguna, en la Centro Desierto, en la Carbon\u00edfera y en el Norte de Coahuila, y eso nos fortalece a todas y todos\u201d, mencion\u00f3.&nbsp;<\/p>\n\n\n\n<p>En su informe, Javier D\u00edaz destac\u00f3 que en un a\u00f1o han consolidado a Saltillo como la capital m\u00e1s segura del pa\u00eds; la ciudad m\u00e1s competitiva a nivel nacional; la ciudad con la mayor formalidad laboral.&nbsp;<\/p>\n\n\n\n<p>Agreg\u00f3 que gracias a los resultados que se han obtenido, Saltillo es una de las ciudades con mayor calidad de vida, de acuerdo al Instituto Mexicano para la Competitividad.<\/p>\n\n\n\n<p>Agradeci\u00f3 al gobernador Manolo Jim\u00e9nez Salinas, por ser el mejor aliado de Saltillo, y con quien mantiene una comunicaci\u00f3n permanente.&nbsp;<\/p>\n\n\n\n<p>\u201cGobernador, contar con tu respaldo y trabajar en coordinaci\u00f3n, ha sido fundamental en cada logro de nuestra administraci\u00f3n. Por ello, te reitero mi reconocimiento y, sobre todo, mi lealtad\u201d, mencion\u00f3.<\/p>\n\n\n\n<p>Agradeci\u00f3 el trabajo en equipo con el Gobierno del Estado para, entre otras muchas cosas, mejorar la movilidad en la capital, y reconoci\u00f3 el impulso de los grandes proyectos del Gobierno del Estado, que a trav\u00e9s de obras estrat\u00e9gicas, est\u00e1 agilizando la forma en que las y los saltillenses se mueven por la ciudad.<\/p>\n","protected":false},"excerpt":{"rendered":"<p>\u00b7&nbsp;&nbsp;&nbsp;&nbsp;&nbsp;&nbsp;Acompa\u00f1a Gobernador del Estado al alcalde de Saltillo, Javier D\u00edaz, en su primer Informe de Resultados. \u00b7&nbsp;&nbsp;&nbsp;&nbsp;&nbsp;&nbsp;Convoca a las y los coahuilenses a seguir trabajando en unidad. Saltillo, Coahuila de Zaragoza; a 09 de diciembre de 2025.- El gobernador Manolo Jim\u00e9nez Salinas reconoci\u00f3 los logros y avances que se han obtenido en el primer a\u00f1o [&hellip;]<\/p>\n","protected":false},"author":1,"featured_media":27914,"comment_status":"open","ping_status":"open","sticky":false,"template":"","format":"standard","meta":{"_monsterinsights_skip_tracking":false,"_monsterinsights_sitenote_active":false,"_monsterinsights_sitenote_note":"","_monsterinsights_sitenote_category":0,"footnotes":""},"categories":[1],"tags":[],"_links":{"self":[{"href":"https:\/\/zonalimitrofe-cbnr.com\/index.php\/wp-json\/wp\/v2\/posts\/27913"}],"collection":[{"href":"https:\/\/zonalimitrofe-cbnr.com\/index.php\/wp-json\/wp\/v2\/posts"}],"about":[{"href":"https:\/\/zonalimitrofe-cbnr.com\/index.php\/wp-json\/wp\/v2\/types\/post"}],"author":[{"embeddable":true,"href":"https:\/\/zonalimitrofe-cbnr.com\/index.php\/wp-json\/wp\/v2\/users\/1"}],"replies":[{"embeddable":true,"href":"https:\/\/zonalimitrofe-cbnr.com\/index.php\/wp-json\/wp\/v2\/comments?post=27913"}],"version-history":[{"count":1,"href":"https:\/\/zonalimitrofe-cbnr.com\/index.php\/wp-json\/wp\/v2\/posts\/27913\/revisions"}],"predecessor-version":[{"id":27915,"href":"https:\/\/zonalimitrofe-cbnr.com\/index.php\/wp-json\/wp\/v2\/posts\/27913\/revisions\/27915"}],"wp:featuredmedia":[{"embeddable":true,"href":"https:\/\/zonalimitrofe-cbnr.com\/index.php\/wp-json\/wp\/v2\/media\/27914"}],"wp:attachment":[{"href":"https:\/\/zonalimitrofe-cbnr.com\/index.php\/wp-json\/wp\/v2\/media?parent=27913"}],"wp:term":[{"taxonomy":"category","embeddable":true,"href":"https:\/\/zonalimitrofe-cbnr.com\/index.php\/wp-json\/wp\/v2\/categories?post=27913"},{"taxonomy":"post_tag","embeddable":true,"href":"https:\/\/zonalimitrofe-cbnr.com\/index.php\/wp-json\/wp\/v2\/tags?post=27913"}],"curies":[{"name":"wp","href":"https:\/\/api.w.org\/{rel}","templated":true}]}}