{"id":27910,"date":"2025-12-09T22:02:01","date_gmt":"2025-12-10T04:02:01","guid":{"rendered":"https:\/\/zonalimitrofe-cbnr.com\/?p=27910"},"modified":"2025-12-09T22:02:01","modified_gmt":"2025-12-10T04:02:01","slug":"lerdo-encabeza-susy-torrecillas-encendido-navideno-en-lerdo","status":"publish","type":"post","link":"https:\/\/zonalimitrofe-cbnr.com\/index.php\/2025\/12\/09\/lerdo-encabeza-susy-torrecillas-encendido-navideno-en-lerdo\/","title":{"rendered":"#Lerdo. ENCABEZA SUSY TORRECILLAS ENCENDIDO NAVIDE\u00d1O EN LERDO*"},"content":{"rendered":"\n<p>Lerdo, 09 de diciembre 2025.- La noche del lunes, Lerdo volvi\u00f3 a brillar con el encendido navide\u00f1o y del pino monumental. El acto estuvo encabezado por la Presidenta Municipal Susy Carolina Torrecillas Salazar, acompa\u00f1ada de sus hijos Renata y Homero, as\u00ed como de regidores del Ayuntamiento. Cientos de familias se reunieron en la Plaza Principal para presenciar este emotivo momento que llen\u00f3 de luz y esp\u00edritu navide\u00f1o el coraz\u00f3n de la ciudad.<\/p>\n\n\n\n<p>En punto de las 19:30 horas, la Presidenta realiz\u00f3 el conteo regresivo que ilumin\u00f3 de manera simult\u00e1nea la Plaza Principal, la Plazuela Ju\u00e1rez, el Parque Victoria y las principales vialidades, ofreciendo a la ciudadan\u00eda un espect\u00e1culo c\u00e1lido y lleno de color.<\/p>\n\n\n\n<p>El director de Servicios P\u00fablicos, Jorge Silva, reconoci\u00f3 el esfuerzo de los m\u00e1s de 200 trabajadores municipales que durante d\u00edas instalaron cuidadosamente cada adorno y luminaria. Gracias a esta labor, espacios emblem\u00e1ticos como el avi\u00f3n de Sarabia, el Parque Victoria lucen ahora una ambientaci\u00f3n navide\u00f1a especial.<\/p>\n\n\n\n<p>En su mensaje, la Presidenta Susy Torrecillas invit\u00f3 a las familias a vivir esta temporada con paz, sinceridad y amor. \u201cEste a\u00f1o quisimos darle un toque especial a nuestra ciudad. Lerdo est\u00e1 listo para recibir visitantes, atraer nuevas inversiones y seguir creciendo con esperanza\u201d, expres\u00f3.<\/p>\n\n\n\n<p>Posteriormente, los asistentes se reunieron en el kiosco para la bendici\u00f3n del nacimiento, guiada por el p\u00e1rroco Julio Carrillo Gauc\u00edn, quien comparti\u00f3 un mensaje de fe y armon\u00eda.<\/p>\n\n\n\n<p>La velada concluy\u00f3 con la entrega de una bebida caliente preparada por el equipo del DIF Lerdo, gesto que fortaleci\u00f3 el esp\u00edritu de convivencia y comunidad.<\/p>\n\n\n\n<p>Lerdo dio la bienvenida a la Navidad con luz, uni\u00f3n y esperanza, iniciando as\u00ed una temporada llena de magia.<\/p>\n","protected":false},"excerpt":{"rendered":"<p>Lerdo, 09 de diciembre 2025.- La noche del lunes, Lerdo volvi\u00f3 a brillar con el encendido navide\u00f1o y del pino monumental. El acto estuvo encabezado por la Presidenta Municipal Susy Carolina Torrecillas Salazar, acompa\u00f1ada de sus hijos Renata y Homero, as\u00ed como de regidores del Ayuntamiento. Cientos de familias se reunieron en la Plaza Principal [&hellip;]<\/p>\n","protected":false},"author":1,"featured_media":27911,"comment_status":"open","ping_status":"open","sticky":false,"template":"","format":"standard","meta":{"_monsterinsights_skip_tracking":false,"_monsterinsights_sitenote_active":false,"_monsterinsights_sitenote_note":"","_monsterinsights_sitenote_category":0,"footnotes":""},"categories":[1],"tags":[],"_links":{"self":[{"href":"https:\/\/zonalimitrofe-cbnr.com\/index.php\/wp-json\/wp\/v2\/posts\/27910"}],"collection":[{"href":"https:\/\/zonalimitrofe-cbnr.com\/index.php\/wp-json\/wp\/v2\/posts"}],"about":[{"href":"https:\/\/zonalimitrofe-cbnr.com\/index.php\/wp-json\/wp\/v2\/types\/post"}],"author":[{"embeddable":true,"href":"https:\/\/zonalimitrofe-cbnr.com\/index.php\/wp-json\/wp\/v2\/users\/1"}],"replies":[{"embeddable":true,"href":"https:\/\/zonalimitrofe-cbnr.com\/index.php\/wp-json\/wp\/v2\/comments?post=27910"}],"version-history":[{"count":1,"href":"https:\/\/zonalimitrofe-cbnr.com\/index.php\/wp-json\/wp\/v2\/posts\/27910\/revisions"}],"predecessor-version":[{"id":27912,"href":"https:\/\/zonalimitrofe-cbnr.com\/index.php\/wp-json\/wp\/v2\/posts\/27910\/revisions\/27912"}],"wp:featuredmedia":[{"embeddable":true,"href":"https:\/\/zonalimitrofe-cbnr.com\/index.php\/wp-json\/wp\/v2\/media\/27911"}],"wp:attachment":[{"href":"https:\/\/zonalimitrofe-cbnr.com\/index.php\/wp-json\/wp\/v2\/media?parent=27910"}],"wp:term":[{"taxonomy":"category","embeddable":true,"href":"https:\/\/zonalimitrofe-cbnr.com\/index.php\/wp-json\/wp\/v2\/categories?post=27910"},{"taxonomy":"post_tag","embeddable":true,"href":"https:\/\/zonalimitrofe-cbnr.com\/index.php\/wp-json\/wp\/v2\/tags?post=27910"}],"curies":[{"name":"wp","href":"https:\/\/api.w.org\/{rel}","templated":true}]}}