{"id":27901,"date":"2025-12-09T21:50:47","date_gmt":"2025-12-10T03:50:47","guid":{"rendered":"https:\/\/zonalimitrofe-cbnr.com\/?p=27901"},"modified":"2025-12-09T21:50:47","modified_gmt":"2025-12-10T03:50:47","slug":"gp-en-gomez-palacio-la-seguridad-se-construye-con-profesionalismo-pero-tambien-con-corazon-betzabe-martinez","status":"publish","type":"post","link":"https:\/\/zonalimitrofe-cbnr.com\/index.php\/2025\/12\/09\/gp-en-gomez-palacio-la-seguridad-se-construye-con-profesionalismo-pero-tambien-con-corazon-betzabe-martinez\/","title":{"rendered":"#GP. En G\u00f3mez Palacio la seguridad se construye con profesionalismo, pero tambi\u00e9n con coraz\u00f3n: Betzab\u00e9 Mart\u00ednez*"},"content":{"rendered":"\n<p>\u2022 Agentes de Polic\u00eda y Vialidad concluyen capacitaci\u00f3n especializada en atenci\u00f3n a personas con discapacidad y autismo<\/p>\n\n\n\n<p>\u201cEn G\u00f3mez Palacio la seguridad se construye con profesionalismo, pero tambi\u00e9n con mucho coraz\u00f3n\u201d, afirm\u00f3 la presidenta municipal, Betzab\u00e9 Mart\u00ednez, al encabezar la entrega de insignias a elementos de Seguridad P\u00fablica y Tr\u00e1nsito y Vialidad que concluyeron el programa \u201cProteger y Servir con el Coraz\u00f3n\u201d, una capacitaci\u00f3n in\u00e9dita a nivel nacional en atenci\u00f3n a personas con discapacidad y neurodivergencias.<\/p>\n\n\n\n<p>La Alcaldesa destac\u00f3 que este programa no es un simple curso, sino una convicci\u00f3n de gobierno:<br>\u201cPor primera vez nuestras corporaciones reciben formaci\u00f3n espec\u00edfica para brindar un trato digno, respetuoso y adecuado a personas con discapacidad y, en particular, a quienes se encuentran dentro del espectro autista\u201d, subray\u00f3.<\/p>\n\n\n\n<p>La capacitaci\u00f3n fue impartida por Comunidad Asperger A.C., organizaci\u00f3n dedicada a promover inclusi\u00f3n, autonom\u00eda y bienestar en personas con trastornos del neurodesarrollo. Su representante, la doctora Patricia del Carmen Rosales Guti\u00e9rrez, explic\u00f3 que el objetivo es construir entornos donde todas las personas sean reconocidas y respetadas, sin estigmas ni barreras.<\/p>\n\n\n\n<p>Tras la entrega de insignias, Betzab\u00e9 Mart\u00ednez resalt\u00f3 el valor simb\u00f3lico de los parches con el coraz\u00f3n formado por piezas de rompecabezas \u2014s\u00edmbolo internacional del autismo\u2014, as\u00ed como la colocaci\u00f3n de calcoman\u00edas en las unidades oficiales.<br>\u201cNo son adornos; representan que nuestras y nuestros elementos est\u00e1n preparados para actuar con sensibilidad, paciencia y respeto hacia quienes procesan el mundo de manera distinta\u201d, se\u00f1al\u00f3.<\/p>\n\n\n\n<p>Betzab\u00e9 subray\u00f3 que este esfuerzo refleja un cambio profundo en la manera de entender la seguridad:<br>\u201cCuidar no es imponer, es acompa\u00f1ar. Proteger no es solo vigilar, es reconocer la dignidad de cada persona. Servir implica empat\u00eda, inteligencia emocional y una verdadera perspectiva de derechos humanos\u201d, enfatiz\u00f3.<\/p>\n\n\n\n<p>El director de Seguridad P\u00fablica, Luis Alberto Duarte V\u00e1zquez, reiter\u00f3 el compromiso de la corporaci\u00f3n con un modelo de seguridad m\u00e1s humano:<br>\u201cSomos el Coraz\u00f3n de la Transformaci\u00f3n, y tenemos claro que la seguridad solo cumple su prop\u00f3sito si es incluyente. Las insignias que hoy entregamos representan disciplina, compromiso y sensibilidad\u201d, expres\u00f3.<\/p>\n\n\n\n<p>Finalmente, la Alcaldesa se\u00f1al\u00f3 que este programa marca un antes y un despu\u00e9s en la manera de relacionarse con la ciudadan\u00eda:<br>\u201cHoy damos un paso firme hacia una seguridad m\u00e1s humana, emp\u00e1tica y cercana. Un paso que nace del coraz\u00f3n, porque en G\u00f3mez Palacio la transformaci\u00f3n tambi\u00e9n se refleja en c\u00f3mo cuidamos, acompa\u00f1amos y servimos.\u201d<\/p>\n","protected":false},"excerpt":{"rendered":"<p>\u2022 Agentes de Polic\u00eda y Vialidad concluyen capacitaci\u00f3n especializada en atenci\u00f3n a personas con discapacidad y autismo \u201cEn G\u00f3mez Palacio la seguridad se construye con profesionalismo, pero tambi\u00e9n con mucho coraz\u00f3n\u201d, afirm\u00f3 la presidenta municipal, Betzab\u00e9 Mart\u00ednez, al encabezar la entrega de insignias a elementos de Seguridad P\u00fablica y Tr\u00e1nsito y Vialidad que concluyeron el [&hellip;]<\/p>\n","protected":false},"author":1,"featured_media":27902,"comment_status":"open","ping_status":"open","sticky":false,"template":"","format":"standard","meta":{"_monsterinsights_skip_tracking":false,"_monsterinsights_sitenote_active":false,"_monsterinsights_sitenote_note":"","_monsterinsights_sitenote_category":0,"footnotes":""},"categories":[1],"tags":[],"_links":{"self":[{"href":"https:\/\/zonalimitrofe-cbnr.com\/index.php\/wp-json\/wp\/v2\/posts\/27901"}],"collection":[{"href":"https:\/\/zonalimitrofe-cbnr.com\/index.php\/wp-json\/wp\/v2\/posts"}],"about":[{"href":"https:\/\/zonalimitrofe-cbnr.com\/index.php\/wp-json\/wp\/v2\/types\/post"}],"author":[{"embeddable":true,"href":"https:\/\/zonalimitrofe-cbnr.com\/index.php\/wp-json\/wp\/v2\/users\/1"}],"replies":[{"embeddable":true,"href":"https:\/\/zonalimitrofe-cbnr.com\/index.php\/wp-json\/wp\/v2\/comments?post=27901"}],"version-history":[{"count":1,"href":"https:\/\/zonalimitrofe-cbnr.com\/index.php\/wp-json\/wp\/v2\/posts\/27901\/revisions"}],"predecessor-version":[{"id":27903,"href":"https:\/\/zonalimitrofe-cbnr.com\/index.php\/wp-json\/wp\/v2\/posts\/27901\/revisions\/27903"}],"wp:featuredmedia":[{"embeddable":true,"href":"https:\/\/zonalimitrofe-cbnr.com\/index.php\/wp-json\/wp\/v2\/media\/27902"}],"wp:attachment":[{"href":"https:\/\/zonalimitrofe-cbnr.com\/index.php\/wp-json\/wp\/v2\/media?parent=27901"}],"wp:term":[{"taxonomy":"category","embeddable":true,"href":"https:\/\/zonalimitrofe-cbnr.com\/index.php\/wp-json\/wp\/v2\/categories?post=27901"},{"taxonomy":"post_tag","embeddable":true,"href":"https:\/\/zonalimitrofe-cbnr.com\/index.php\/wp-json\/wp\/v2\/tags?post=27901"}],"curies":[{"name":"wp","href":"https:\/\/api.w.org\/{rel}","templated":true}]}}