{"id":27875,"date":"2025-12-08T19:58:23","date_gmt":"2025-12-09T01:58:23","guid":{"rendered":"https:\/\/zonalimitrofe-cbnr.com\/?p=27875"},"modified":"2025-12-08T19:58:24","modified_gmt":"2025-12-09T01:58:24","slug":"gp-sera-el-parque-la-esperanza-la-sede-de-la-villa-navidena-de-la-esperanza","status":"publish","type":"post","link":"https:\/\/zonalimitrofe-cbnr.com\/index.php\/2025\/12\/08\/gp-sera-el-parque-la-esperanza-la-sede-de-la-villa-navidena-de-la-esperanza\/","title":{"rendered":"#GP. Ser\u00e1 el Parque La Esperanza la sede de la Villa Navide\u00f1a de la Esperanza*"},"content":{"rendered":"\n<p>\u2022 El espacio contar\u00e1 con un nacimiento y pino monumentales, un set para proyecciones, actividades culturales y zona de recreaci\u00f3n para las familias gomezpalatinas: Betzab\u00e9 Mart\u00ednez<\/p>\n\n\n\n<p>La alcaldesa Betzab\u00e9 Mart\u00ednez anunci\u00f3 la pr\u00f3xima apertura de la Villa Navide\u00f1a de la Esperanza, que este a\u00f1o tendr\u00e1 como sede el Parque La Esperanza, con el objetivo de fortalecer la convivencia familiar, preservar las tradiciones y ofrecer un ambiente festivo para todas las familias gomezpalatinas.<\/p>\n\n\n\n<p>\u201cEn esta ocasi\u00f3n decidimos moverlo al Parque La Esperanza. Ah\u00ed estar\u00e1 la Villa Navide\u00f1a de la Esperanza, un espacio donde tendremos m\u00e1s actividades: no solamente el nacimiento, sino un set de fotograf\u00eda en una villita, juegos, actividades culturales y la proyecci\u00f3n de pel\u00edculas navide\u00f1as para ni\u00f1as y ni\u00f1os\u201d, explic\u00f3 la Presidenta Municipal durante su rueda de prensa semanal Lunes con la Presidenta.<\/p>\n\n\n\n<p>Betzab\u00e9 Mart\u00ednez anunci\u00f3 que, con motivo de las fiestas decembrinas, en los pr\u00f3ximos d\u00edas se inaugurar\u00e1n m\u00e1s actividades alusivas a la temporada. \u201cYa estaremos anunciando la fecha. Tambi\u00e9n podr\u00e1n estar ah\u00ed comerciantes locales para impulsar la econom\u00eda de nuestro municipio\u201d, a\u00f1adi\u00f3.<\/p>\n\n\n\n<p>La Villa Navide\u00f1a de la Esperanza se ubicar\u00e1 en la explanada contigua al Museo Acertijo, dentro del Parque La Esperanza. Contar\u00e1 con un nacimiento y un pino navide\u00f1o monumentales, un set especial para proyecci\u00f3n de pel\u00edculas, as\u00ed como una zona dedicada a actividades recreativas y culturales para el disfrute de toda la familia.<\/p>\n\n\n\n<p>Benjam\u00edn Atilano Ch\u00e1vez, director de Servicios P\u00fablicos, inform\u00f3 que los trabajos de instalaci\u00f3n y decoraci\u00f3n presentan avances significativos. Detall\u00f3 que se est\u00e1 cuidando que el espacio sea seguro, c\u00e1lido y accesible, buscando ofrecer un paseo navide\u00f1o atractivo para los visitantes.<\/p>\n\n\n\n<p>La apertura al p\u00fablico ser\u00e1 en los pr\u00f3ximos d\u00edas. Mientras tanto, las cuadrillas de Servicios P\u00fablicos contin\u00faan con las labores para dejar todo listo y en \u00f3ptimas condiciones para las familias gomezpalatinas.<br><\/p>\n","protected":false},"excerpt":{"rendered":"<p>\u2022 El espacio contar\u00e1 con un nacimiento y pino monumentales, un set para proyecciones, actividades culturales y zona de recreaci\u00f3n para las familias gomezpalatinas: Betzab\u00e9 Mart\u00ednez La alcaldesa Betzab\u00e9 Mart\u00ednez anunci\u00f3 la pr\u00f3xima apertura de la Villa Navide\u00f1a de la Esperanza, que este a\u00f1o tendr\u00e1 como sede el Parque La Esperanza, con el objetivo de [&hellip;]<\/p>\n","protected":false},"author":1,"featured_media":27876,"comment_status":"open","ping_status":"open","sticky":false,"template":"","format":"standard","meta":{"_monsterinsights_skip_tracking":false,"_monsterinsights_sitenote_active":false,"_monsterinsights_sitenote_note":"","_monsterinsights_sitenote_category":0,"footnotes":""},"categories":[1],"tags":[],"_links":{"self":[{"href":"https:\/\/zonalimitrofe-cbnr.com\/index.php\/wp-json\/wp\/v2\/posts\/27875"}],"collection":[{"href":"https:\/\/zonalimitrofe-cbnr.com\/index.php\/wp-json\/wp\/v2\/posts"}],"about":[{"href":"https:\/\/zonalimitrofe-cbnr.com\/index.php\/wp-json\/wp\/v2\/types\/post"}],"author":[{"embeddable":true,"href":"https:\/\/zonalimitrofe-cbnr.com\/index.php\/wp-json\/wp\/v2\/users\/1"}],"replies":[{"embeddable":true,"href":"https:\/\/zonalimitrofe-cbnr.com\/index.php\/wp-json\/wp\/v2\/comments?post=27875"}],"version-history":[{"count":1,"href":"https:\/\/zonalimitrofe-cbnr.com\/index.php\/wp-json\/wp\/v2\/posts\/27875\/revisions"}],"predecessor-version":[{"id":27877,"href":"https:\/\/zonalimitrofe-cbnr.com\/index.php\/wp-json\/wp\/v2\/posts\/27875\/revisions\/27877"}],"wp:featuredmedia":[{"embeddable":true,"href":"https:\/\/zonalimitrofe-cbnr.com\/index.php\/wp-json\/wp\/v2\/media\/27876"}],"wp:attachment":[{"href":"https:\/\/zonalimitrofe-cbnr.com\/index.php\/wp-json\/wp\/v2\/media?parent=27875"}],"wp:term":[{"taxonomy":"category","embeddable":true,"href":"https:\/\/zonalimitrofe-cbnr.com\/index.php\/wp-json\/wp\/v2\/categories?post=27875"},{"taxonomy":"post_tag","embeddable":true,"href":"https:\/\/zonalimitrofe-cbnr.com\/index.php\/wp-json\/wp\/v2\/tags?post=27875"}],"curies":[{"name":"wp","href":"https:\/\/api.w.org\/{rel}","templated":true}]}}