{"id":27872,"date":"2025-12-08T19:54:57","date_gmt":"2025-12-09T01:54:57","guid":{"rendered":"https:\/\/zonalimitrofe-cbnr.com\/?p=27872"},"modified":"2025-12-08T19:54:58","modified_gmt":"2025-12-09T01:54:58","slug":"torreon-refuerzan-seguridad-en-zona-taxi-de-abordaje-seguro-con-la-colocacion-de-numero-de-concesion-en-toldos","status":"publish","type":"post","link":"https:\/\/zonalimitrofe-cbnr.com\/index.php\/2025\/12\/08\/torreon-refuerzan-seguridad-en-zona-taxi-de-abordaje-seguro-con-la-colocacion-de-numero-de-concesion-en-toldos\/","title":{"rendered":"#Torre\u00f3n. Refuerzan seguridad en \u201cZona taxi de abordaje seguro\u201d con la colocaci\u00f3n de n\u00famero de concesi\u00f3n en toldos"},"content":{"rendered":"\n<p>Torre\u00f3n, Coahuila. A 08 de diciembre de 2025<\/p>\n\n\n\n<p>Como parte de las estrategias orientadas a reforzar la seguridad para los usuarios de taxis, este fin de semana personal de la Direcci\u00f3n de Transporte P\u00fablico Municipal realiz\u00f3 la colocaci\u00f3n de n\u00fameros de concesi\u00f3n en el toldo de los veh\u00edculos, como una medida que busca que las unidades sean a\u00fan m\u00e1s visibles y f\u00e1cilmente identificables por la ciudadan\u00eda<\/p>\n\n\n\n<p>Esta acci\u00f3n se implement\u00f3 en unidades del programa \u201cZona taxi de abordaje seguro\u201d, que opera en puntos estrat\u00e9gicos del Centro de la ciudad.<\/p>\n\n\n\n<p>Luis Alberto Morales Cort\u00e9s, director general de Movilidad Urbana, inform\u00f3 que el programa implementado en el mes de abril, concentra a unidades de taxi en zonas de bares y centros nocturnos, ofreciendo a los usuarios traslados seguros con veh\u00edculos plenamente identificados.<\/p>\n\n\n\n<p>Explic\u00f3 que estas acciones tienen el prop\u00f3sito de brindarle a los pasajeros un retorno seguro a su destino, y reducir tambi\u00e9n los accidentes viales por consumo de alcohol.<\/p>\n\n\n\n<p>Dijo que durante la \u00e9poca decembrina aumenta de manera significativa la afluencia de ciudadanos en estas zonas, por lo que se refuerzan las medidas preventivas para reducir riesgos y evitar accidentes automovil\u00edsticos asociados al manejo en estado inconveniente.<\/p>\n\n\n\n<p>El programa opera actualmente en cinco puntos estrat\u00e9gicos: Morelos y Col\u00f3n; Morelos y Degollado; Morelos y Galeana; Morelos y Zaragoza; y en la calle Matamoros, entre Ram\u00f3n Corona y Leona Vicario.<\/p>\n\n\n\n<p>En cada una de estas zonas participan operadores quienes han sido previamente identificados con chaleco reflejante y cuentan con conos para delimitar el \u00e1rea.<\/p>\n\n\n\n<p>Por su parte, C\u00e9sar Alvarado Mendoza, titular de la Direcci\u00f3n de Transporte P\u00fablico Municipal, se\u00f1al\u00f3 que la ubicaci\u00f3n del n\u00famero de concesi\u00f3n en el toldo permitir\u00e1 una identificaci\u00f3n m\u00e1s visible, lo que coadyuva a las labores de seguridad.<\/p>\n\n\n\n<p>El n\u00famero a la vista permitir\u00e1 tambi\u00e9n que pueda ser monitoreado en las c\u00e1maras de videovigilancia instaladas en distintos puntos de la ciudad, para atender alguna situaci\u00f3n irregular.<\/p>\n\n\n\n<p>\u201cEste n\u00famero de concesi\u00f3n ya se encuentra en los parabrisas y el medall\u00f3n, as\u00ed como el nombre de la l\u00ednea en las puertas delanteras; sin embargo, la colocaci\u00f3n en el toldo har\u00e1 a\u00fan m\u00e1s visible la identificaci\u00f3n\u201d.<\/p>\n\n\n\n<p>Estas acciones forman parte de las instrucciones del alcalde Rom\u00e1n Alberto Cepeda Gonz\u00e1lez, orientadas a continuar fortaleciendo la seguridad y el orden en la ciudad, as\u00ed como ofrecer un mejor servicio de transporte.<\/p>\n\n\n\n<p>En caso de alg\u00fan reporte relacionado con el transporte p\u00fablico, la ciudadan\u00eda puede comunicarse al 073 de Atenci\u00f3n Ciudadana, o al n\u00famero directo de la direcci\u00f3n: 8715 00 74 15.<\/p>\n","protected":false},"excerpt":{"rendered":"<p>Torre\u00f3n, Coahuila. A 08 de diciembre de 2025 Como parte de las estrategias orientadas a reforzar la seguridad para los usuarios de taxis, este fin de semana personal de la Direcci\u00f3n de Transporte P\u00fablico Municipal realiz\u00f3 la colocaci\u00f3n de n\u00fameros de concesi\u00f3n en el toldo de los veh\u00edculos, como una medida que busca que las [&hellip;]<\/p>\n","protected":false},"author":1,"featured_media":27873,"comment_status":"open","ping_status":"open","sticky":false,"template":"","format":"standard","meta":{"_monsterinsights_skip_tracking":false,"_monsterinsights_sitenote_active":false,"_monsterinsights_sitenote_note":"","_monsterinsights_sitenote_category":0,"footnotes":""},"categories":[1],"tags":[],"_links":{"self":[{"href":"https:\/\/zonalimitrofe-cbnr.com\/index.php\/wp-json\/wp\/v2\/posts\/27872"}],"collection":[{"href":"https:\/\/zonalimitrofe-cbnr.com\/index.php\/wp-json\/wp\/v2\/posts"}],"about":[{"href":"https:\/\/zonalimitrofe-cbnr.com\/index.php\/wp-json\/wp\/v2\/types\/post"}],"author":[{"embeddable":true,"href":"https:\/\/zonalimitrofe-cbnr.com\/index.php\/wp-json\/wp\/v2\/users\/1"}],"replies":[{"embeddable":true,"href":"https:\/\/zonalimitrofe-cbnr.com\/index.php\/wp-json\/wp\/v2\/comments?post=27872"}],"version-history":[{"count":1,"href":"https:\/\/zonalimitrofe-cbnr.com\/index.php\/wp-json\/wp\/v2\/posts\/27872\/revisions"}],"predecessor-version":[{"id":27874,"href":"https:\/\/zonalimitrofe-cbnr.com\/index.php\/wp-json\/wp\/v2\/posts\/27872\/revisions\/27874"}],"wp:featuredmedia":[{"embeddable":true,"href":"https:\/\/zonalimitrofe-cbnr.com\/index.php\/wp-json\/wp\/v2\/media\/27873"}],"wp:attachment":[{"href":"https:\/\/zonalimitrofe-cbnr.com\/index.php\/wp-json\/wp\/v2\/media?parent=27872"}],"wp:term":[{"taxonomy":"category","embeddable":true,"href":"https:\/\/zonalimitrofe-cbnr.com\/index.php\/wp-json\/wp\/v2\/categories?post=27872"},{"taxonomy":"post_tag","embeddable":true,"href":"https:\/\/zonalimitrofe-cbnr.com\/index.php\/wp-json\/wp\/v2\/tags?post=27872"}],"curies":[{"name":"wp","href":"https:\/\/api.w.org\/{rel}","templated":true}]}}