{"id":27866,"date":"2025-12-08T19:45:06","date_gmt":"2025-12-09T01:45:06","guid":{"rendered":"https:\/\/zonalimitrofe-cbnr.com\/?p=27866"},"modified":"2025-12-08T19:45:06","modified_gmt":"2025-12-09T01:45:06","slug":"durango-gobernador-esteban-inaugura-nueva-planta-de-coficab-ii-en-clid-anuncia-expansion-y-llegaran-a-2-mil-empleos","status":"publish","type":"post","link":"https:\/\/zonalimitrofe-cbnr.com\/index.php\/2025\/12\/08\/durango-gobernador-esteban-inaugura-nueva-planta-de-coficab-ii-en-clid-anuncia-expansion-y-llegaran-a-2-mil-empleos\/","title":{"rendered":"#Durango. Gobernador Esteban inaugura nueva planta de Coficab II en CLID; anuncia expansi\u00f3n y llegar\u00e1n a 2 mil empleos*"},"content":{"rendered":"\n<p>* _La empresa ampliar\u00e1 operaciones con tecnolog\u00eda de \u00faltima generaci\u00f3n y fortalecer\u00e1 su red global desde Durango._<\/p>\n\n\n\n<p>* _Se anunciaron nuevos servicios, infraestructura y apoyos para los trabajadores del corredor industrial._<\/p>\n\n\n\n<p>La nueva planta Coficab II qued\u00f3 formalmente inaugurada en Durango, en un evento encabezado por el gobernador Esteban Villegas Villarreal, el presidente municipal To\u00f1o Ochoa y el director general en Durango del corporativo, Mahmoud Ben Nahia. Con el arranque de operaciones, la empresa ampl\u00eda su presencia en el estado y fortalece la capacidad productiva del Centro Log\u00edstico Industrial, consolidando a Durango como un punto confiable y competitivo para nuevas inversiones y empleos especializados.<\/p>\n\n\n\n<p>El gobernador Esteban Villegas, acompa\u00f1ado por el presidente de la Junta de Gobierno y Coordinaci\u00f3n Pol\u00edtica del Congreso del Estado, Ernesto Alan\u00eds, se\u00f1al\u00f3 que la instalaci\u00f3n y crecimiento de empresas globales como Coficab ratifican la ruta de desarrollo que vive Durango. Explic\u00f3 que su administraci\u00f3n seguir\u00e1 reforzando infraestructura, servicios y energ\u00eda para garantizar que el Centro Log\u00edstico Industrial opere con calidad y continuidad. \u201cAqu\u00ed se construyen proyectos de largo plazo y empleos que benefician directamente a las familias\u201d, afirm\u00f3.<\/p>\n\n\n\n<p>El secretario de Desarrollo Econ\u00f3mico, Fernando Rosas Palafox, destac\u00f3 que Coficab supera ya los 170 millones de d\u00f3lares invertidos en Durango, con m\u00e1s de 1,400 empleos generados entre sus plantas. Record\u00f3 que, aunque la empresa inici\u00f3 con un compromiso de inversi\u00f3n mucho menor, hoy rebasa los 60 millones de d\u00f3lares \u00fanicamente en esta nueva etapa. \u201cEste crecimiento confirma que Durango ofrece condiciones reales para industrias de alto valor y empleos mejor remunerados\u201d, puntualiz\u00f3.<\/p>\n\n\n\n<p>El director general, Mahmoud Ben Nahia, afirm\u00f3 que Durango se perfila como una de las plataformas de mayor expansi\u00f3n del grupo en Am\u00e9rica, destacando que la nueva planta permitir\u00e1 incrementar capacidad operativa y fortalecer su red de producci\u00f3n en el pa\u00eds. Reconoci\u00f3 la calidad de la mano de obra duranguense y el acompa\u00f1amiento institucional que ha permitido acelerar sus planes de crecimiento. \u201cSeguiremos ampliando operaciones; Durango es un punto estrat\u00e9gico para nosotros\u201d, se\u00f1al\u00f3.<\/p>\n\n\n\n<p>Por su parte, To\u00f1o Ochoa destac\u00f3 que Durango cuenta con condiciones de seguridad, agua y entorno social que permiten a empresas globales asentarse con certeza. Reiter\u00f3 que desde el Ayuntamiento se mantendr\u00e1 un trabajo coordinado para facilitar inversiones y mejorar la movilidad y los servicios en el Centro Log\u00edstico Industrial. \u201cDurango es una tierra de oportunidades y aqu\u00ed las empresas encuentran un camino seguro para crecer\u201d, expres\u00f3.<\/p>\n","protected":false},"excerpt":{"rendered":"<p>* _La empresa ampliar\u00e1 operaciones con tecnolog\u00eda de \u00faltima generaci\u00f3n y fortalecer\u00e1 su red global desde Durango._ * _Se anunciaron nuevos servicios, infraestructura y apoyos para los trabajadores del corredor industrial._ La nueva planta Coficab II qued\u00f3 formalmente inaugurada en Durango, en un evento encabezado por el gobernador Esteban Villegas Villarreal, el presidente municipal To\u00f1o [&hellip;]<\/p>\n","protected":false},"author":1,"featured_media":27867,"comment_status":"open","ping_status":"open","sticky":false,"template":"","format":"standard","meta":{"_monsterinsights_skip_tracking":false,"_monsterinsights_sitenote_active":false,"_monsterinsights_sitenote_note":"","_monsterinsights_sitenote_category":0,"footnotes":""},"categories":[1],"tags":[],"_links":{"self":[{"href":"https:\/\/zonalimitrofe-cbnr.com\/index.php\/wp-json\/wp\/v2\/posts\/27866"}],"collection":[{"href":"https:\/\/zonalimitrofe-cbnr.com\/index.php\/wp-json\/wp\/v2\/posts"}],"about":[{"href":"https:\/\/zonalimitrofe-cbnr.com\/index.php\/wp-json\/wp\/v2\/types\/post"}],"author":[{"embeddable":true,"href":"https:\/\/zonalimitrofe-cbnr.com\/index.php\/wp-json\/wp\/v2\/users\/1"}],"replies":[{"embeddable":true,"href":"https:\/\/zonalimitrofe-cbnr.com\/index.php\/wp-json\/wp\/v2\/comments?post=27866"}],"version-history":[{"count":1,"href":"https:\/\/zonalimitrofe-cbnr.com\/index.php\/wp-json\/wp\/v2\/posts\/27866\/revisions"}],"predecessor-version":[{"id":27868,"href":"https:\/\/zonalimitrofe-cbnr.com\/index.php\/wp-json\/wp\/v2\/posts\/27866\/revisions\/27868"}],"wp:featuredmedia":[{"embeddable":true,"href":"https:\/\/zonalimitrofe-cbnr.com\/index.php\/wp-json\/wp\/v2\/media\/27867"}],"wp:attachment":[{"href":"https:\/\/zonalimitrofe-cbnr.com\/index.php\/wp-json\/wp\/v2\/media?parent=27866"}],"wp:term":[{"taxonomy":"category","embeddable":true,"href":"https:\/\/zonalimitrofe-cbnr.com\/index.php\/wp-json\/wp\/v2\/categories?post=27866"},{"taxonomy":"post_tag","embeddable":true,"href":"https:\/\/zonalimitrofe-cbnr.com\/index.php\/wp-json\/wp\/v2\/tags?post=27866"}],"curies":[{"name":"wp","href":"https:\/\/api.w.org\/{rel}","templated":true}]}}