{"id":27863,"date":"2025-12-08T19:40:34","date_gmt":"2025-12-09T01:40:34","guid":{"rendered":"https:\/\/zonalimitrofe-cbnr.com\/?p=27863"},"modified":"2025-12-08T19:40:35","modified_gmt":"2025-12-09T01:40:35","slug":"torreon-centro-de-justicia-municipal-fortalece-alianza-de-colaboracion-con-el-tec-laguna","status":"publish","type":"post","link":"https:\/\/zonalimitrofe-cbnr.com\/index.php\/2025\/12\/08\/torreon-centro-de-justicia-municipal-fortalece-alianza-de-colaboracion-con-el-tec-laguna\/","title":{"rendered":"#Torre\u00f3n. Centro de Justicia Municipal fortalece alianza de colaboraci\u00f3n con el Tec Laguna"},"content":{"rendered":"\n<p><strong>Torre\u00f3n, Coahuila. A 8 de diciembre de 2025<\/strong>.- El Centro de Justicia Municipal (CJM) de Torre\u00f3n, renov\u00f3 el convenio de colaboraci\u00f3n con el Instituto Tecnol\u00f3gico de la Laguna (ITL), con el objetivo de que los estudiantes hagan su servicio social y pr\u00e1cticas profesionales en las diferentes \u00e1reas de la dependencia. Adem\u00e1s, la instituci\u00f3n educativa brindar\u00e1 algunas becas para quienes cursan la preparatoria abierta en el programa que coordina el CJM. Martha Rodr\u00edguez Romero, directora general de la dependencia, resalt\u00f3 que en la anterior Administraci\u00f3n del alcalde Rom\u00e1n Alberto Cepeda Gonz\u00e1lez, inici\u00f3 esta colaboraci\u00f3n con el Tec Laguna, y se\u00f1al\u00f3 que actualmente con el programa de continuidad educativa, se fortalece la alianza. \u201cSe refuerza el v\u00ednculo institucional en beneficio de la comunidad. Es una indicaci\u00f3n del Alcalde que se generen este tipo de acuerdos para que los j\u00f3venes tengan mayores oportunidades para su desarrollo profesional y en consecuencia, una mejor calidad de vida para sus familias\u201d. Detall\u00f3 que gracias a este convenio, estudiantes del Instituto Tecnol\u00f3gico de La Laguna podr\u00e1n realizar su servicio social y pr\u00e1cticas profesionales dentro de las diversas \u00e1reas del Centro de Justicia Municipal, donde podr\u00e1n aplicar sus conocimientos en escenarios reales y contribuir directamente al bienestar de la poblaci\u00f3n. Asimismo, la alianza enriquece el programa de Preparatoria Abierta del CJM, pues los participantes tendr\u00e1n oportunidad de continuar sus estudios en el Tec Laguna con una beca otorgada por la instituci\u00f3n. Para la renovaci\u00f3n del convenio estuvieron presentes por parte del CJM: Martha Rodr\u00edguez Romero, directora general; y Juana Ibarra Rodr\u00edguez, coordinadora del Departamento de Derechos Humanos, G\u00e9nero, Trabajo Social y Psicolog\u00eda. Por el Instituto Tecnol\u00f3gico de La Laguna: Jos\u00e9 Omar Sald\u00edvar Correa, director; Alma Leticia Ramos R\u00edos; subdirectora Acad\u00e9mica; Salvador Valadez Gonz\u00e1lez, Jefe del Departamento de Gesti\u00f3n Tecnol\u00f3gica y Vinculaci\u00f3n; Ulises Mart\u00ednez Rodr\u00edguez, Oficina de Convenios Empresariales; y Nidia Yazm\u00edn Talamantes Rodr\u00edguez, Oficina de Servicio Social y Desarrollo Comunitario<\/p>\n","protected":false},"excerpt":{"rendered":"<p>Torre\u00f3n, Coahuila. A 8 de diciembre de 2025.- El Centro de Justicia Municipal (CJM) de Torre\u00f3n, renov\u00f3 el convenio de colaboraci\u00f3n con el Instituto Tecnol\u00f3gico de la Laguna (ITL), con el objetivo de que los estudiantes hagan su servicio social y pr\u00e1cticas profesionales en las diferentes \u00e1reas de la dependencia. Adem\u00e1s, la instituci\u00f3n educativa brindar\u00e1 [&hellip;]<\/p>\n","protected":false},"author":1,"featured_media":27864,"comment_status":"open","ping_status":"open","sticky":false,"template":"","format":"standard","meta":{"_monsterinsights_skip_tracking":false,"_monsterinsights_sitenote_active":false,"_monsterinsights_sitenote_note":"","_monsterinsights_sitenote_category":0,"footnotes":""},"categories":[1],"tags":[],"_links":{"self":[{"href":"https:\/\/zonalimitrofe-cbnr.com\/index.php\/wp-json\/wp\/v2\/posts\/27863"}],"collection":[{"href":"https:\/\/zonalimitrofe-cbnr.com\/index.php\/wp-json\/wp\/v2\/posts"}],"about":[{"href":"https:\/\/zonalimitrofe-cbnr.com\/index.php\/wp-json\/wp\/v2\/types\/post"}],"author":[{"embeddable":true,"href":"https:\/\/zonalimitrofe-cbnr.com\/index.php\/wp-json\/wp\/v2\/users\/1"}],"replies":[{"embeddable":true,"href":"https:\/\/zonalimitrofe-cbnr.com\/index.php\/wp-json\/wp\/v2\/comments?post=27863"}],"version-history":[{"count":1,"href":"https:\/\/zonalimitrofe-cbnr.com\/index.php\/wp-json\/wp\/v2\/posts\/27863\/revisions"}],"predecessor-version":[{"id":27865,"href":"https:\/\/zonalimitrofe-cbnr.com\/index.php\/wp-json\/wp\/v2\/posts\/27863\/revisions\/27865"}],"wp:featuredmedia":[{"embeddable":true,"href":"https:\/\/zonalimitrofe-cbnr.com\/index.php\/wp-json\/wp\/v2\/media\/27864"}],"wp:attachment":[{"href":"https:\/\/zonalimitrofe-cbnr.com\/index.php\/wp-json\/wp\/v2\/media?parent=27863"}],"wp:term":[{"taxonomy":"category","embeddable":true,"href":"https:\/\/zonalimitrofe-cbnr.com\/index.php\/wp-json\/wp\/v2\/categories?post=27863"},{"taxonomy":"post_tag","embeddable":true,"href":"https:\/\/zonalimitrofe-cbnr.com\/index.php\/wp-json\/wp\/v2\/tags?post=27863"}],"curies":[{"name":"wp","href":"https:\/\/api.w.org\/{rel}","templated":true}]}}