{"id":27846,"date":"2025-12-07T20:28:51","date_gmt":"2025-12-08T02:28:51","guid":{"rendered":"https:\/\/zonalimitrofe-cbnr.com\/?p=27846"},"modified":"2025-12-07T20:28:51","modified_gmt":"2025-12-08T02:28:51","slug":"durango-gobierno-del-estado-invita-a-la-jornada-masiva-en-el-macro-centro-de-vacunacion-invernal-este-8-de-diciembre","status":"publish","type":"post","link":"https:\/\/zonalimitrofe-cbnr.com\/index.php\/2025\/12\/07\/durango-gobierno-del-estado-invita-a-la-jornada-masiva-en-el-macro-centro-de-vacunacion-invernal-este-8-de-diciembre\/","title":{"rendered":"#Durango. Gobierno del Estado invita a la jornada masiva en el Macro-Centro de Vacunaci\u00f3n Invernal este 8 de diciembre*"},"content":{"rendered":"\n<p>* _El punto de vacunaci\u00f3n abrir\u00e1 en Estaci\u00f3n Central con atenci\u00f3n a pie y desde autom\u00f3vil._<\/p>\n\n\n\n<p>* _Se aplicar\u00e1n vacunas invernales y biol\u00f3gicos de la Cartilla Nacional para toda la poblaci\u00f3n._<\/p>\n\n\n\n<p>Con el prop\u00f3sito de prevenir enfermedades respiratorias y fortalecer la salud de las familias duranguenses, este lunes 8 de diciembre se instalar\u00e1 un Macro-Centro de Vacunaci\u00f3n Invernal en Estaci\u00f3n Central, sobre la avenida G\u00f3mez Mor\u00edn, inform\u00f3 el secretario de Salud, Mois\u00e9s N\u00e1jera Torres.<\/p>\n\n\n\n<p>Detall\u00f3 que, como parte de las acciones prioritarias del gobernador Esteban Villegas Villarreal para la protecci\u00f3n de la salud, adem\u00e1s de los m\u00f3dulos fijos con vacunas contra Influenza, Covid y Neumococo, se habilitar\u00e1n espacios para que las personas puedan ser vacunadas desde sus veh\u00edculos, especialmente adultos mayores, personas con discapacidad y menores de edad.<\/p>\n\n\n\n<p>\u201cCon el lema Durango se vacuna, Durango se protege, esta jornada masiva de vacunaci\u00f3n involucrar\u00e1 a personal m\u00e9dico y de enfermer\u00eda de todo el sector salud \u2014IMSS, ISSSTE y Secretar\u00eda de Salud\u2014, con el objetivo de llegar a la mayor poblaci\u00f3n posible en un horario de 9 de la ma\u00f1ana a 6 de la tarde\u201d, indic\u00f3 N\u00e1jera Torres.<\/p>\n\n\n\n<p>Agreg\u00f3 que, adem\u00e1s de las vacunas invernales, se aplicar\u00e1n biol\u00f3gicos de la Cartilla Nacional de Vacunaci\u00f3n, como Hexavalente, Rotavirus, VPH (Virus del Papiloma Humano), DPT \u2014que protege contra difteria, tos ferina y t\u00e9tanos\u2014 y Triple Viral contra el sarampi\u00f3n.<\/p>\n\n\n\n<p>El secretario de Salud destac\u00f3 que este es el momento ideal para poner al d\u00eda las vacunas de toda la poblaci\u00f3n, en especial de adultos mayores e infantes, y subray\u00f3 que este Macro-Centro representa una oportunidad para reforzar la prevenci\u00f3n durante la temporada invernal.<br><\/p>\n","protected":false},"excerpt":{"rendered":"<p>* _El punto de vacunaci\u00f3n abrir\u00e1 en Estaci\u00f3n Central con atenci\u00f3n a pie y desde autom\u00f3vil._ * _Se aplicar\u00e1n vacunas invernales y biol\u00f3gicos de la Cartilla Nacional para toda la poblaci\u00f3n._ Con el prop\u00f3sito de prevenir enfermedades respiratorias y fortalecer la salud de las familias duranguenses, este lunes 8 de diciembre se instalar\u00e1 un Macro-Centro [&hellip;]<\/p>\n","protected":false},"author":1,"featured_media":27847,"comment_status":"open","ping_status":"open","sticky":false,"template":"","format":"standard","meta":{"_monsterinsights_skip_tracking":false,"_monsterinsights_sitenote_active":false,"_monsterinsights_sitenote_note":"","_monsterinsights_sitenote_category":0,"footnotes":""},"categories":[1],"tags":[],"_links":{"self":[{"href":"https:\/\/zonalimitrofe-cbnr.com\/index.php\/wp-json\/wp\/v2\/posts\/27846"}],"collection":[{"href":"https:\/\/zonalimitrofe-cbnr.com\/index.php\/wp-json\/wp\/v2\/posts"}],"about":[{"href":"https:\/\/zonalimitrofe-cbnr.com\/index.php\/wp-json\/wp\/v2\/types\/post"}],"author":[{"embeddable":true,"href":"https:\/\/zonalimitrofe-cbnr.com\/index.php\/wp-json\/wp\/v2\/users\/1"}],"replies":[{"embeddable":true,"href":"https:\/\/zonalimitrofe-cbnr.com\/index.php\/wp-json\/wp\/v2\/comments?post=27846"}],"version-history":[{"count":1,"href":"https:\/\/zonalimitrofe-cbnr.com\/index.php\/wp-json\/wp\/v2\/posts\/27846\/revisions"}],"predecessor-version":[{"id":27848,"href":"https:\/\/zonalimitrofe-cbnr.com\/index.php\/wp-json\/wp\/v2\/posts\/27846\/revisions\/27848"}],"wp:featuredmedia":[{"embeddable":true,"href":"https:\/\/zonalimitrofe-cbnr.com\/index.php\/wp-json\/wp\/v2\/media\/27847"}],"wp:attachment":[{"href":"https:\/\/zonalimitrofe-cbnr.com\/index.php\/wp-json\/wp\/v2\/media?parent=27846"}],"wp:term":[{"taxonomy":"category","embeddable":true,"href":"https:\/\/zonalimitrofe-cbnr.com\/index.php\/wp-json\/wp\/v2\/categories?post=27846"},{"taxonomy":"post_tag","embeddable":true,"href":"https:\/\/zonalimitrofe-cbnr.com\/index.php\/wp-json\/wp\/v2\/tags?post=27846"}],"curies":[{"name":"wp","href":"https:\/\/api.w.org\/{rel}","templated":true}]}}