{"id":27812,"date":"2025-12-05T19:23:27","date_gmt":"2025-12-06T01:23:27","guid":{"rendered":"https:\/\/zonalimitrofe-cbnr.com\/?p=27812"},"modified":"2025-12-05T19:23:27","modified_gmt":"2025-12-06T01:23:27","slug":"coahuila-se-reunen-manolo-y-garcia-harfuch-para-seguir-trabajando-por-la-seguridad-de-coahuila","status":"publish","type":"post","link":"https:\/\/zonalimitrofe-cbnr.com\/index.php\/2025\/12\/05\/coahuila-se-reunen-manolo-y-garcia-harfuch-para-seguir-trabajando-por-la-seguridad-de-coahuila\/","title":{"rendered":"#Coahuila. SE RE\u00daNEN MANOLO Y GARC\u00cdA HARFUCH PARA SEGUIR TRABAJANDO POR LA SEGURIDAD DE COAHUILA"},"content":{"rendered":"\n<p>Ciudad de M\u00e9xico; a 05 de diciembre de 2025.- Con la finalidad de continuar fortaleciendo la coordinaci\u00f3n en seguridad de Coahuila, elgobernador Manolo Jim\u00e9nez Salinas se reuni\u00f3 con el secretario de Seguridad y Protecci\u00f3n Ciudadana, Omar Garc\u00eda Harfuch.<\/p>\n\n\n\n<p>El Mandatario estatal y el funcionario federal revisaron los indicadores con los que se cierra el a\u00f1o, tanto a nivel estatal como a nivel federal, y constataron los buenos resultados que se han registrado gracias a la excelente coordinaci\u00f3n interinstitucional que se ha logrado.<\/p>\n\n\n\n<p>En esta mesa de trabajo, Manolo Jim\u00e9nez reiter\u00f3 su total voluntad y compromiso de trabajo en equipo con Omar Garc\u00eda Harfuch y el Gobierno Federal, en todas aquellas acciones, proyectos y programas para robustecer el blindaje de nuestro estado.<\/p>\n\n\n\n<p>Acordaron mantener la estrecha comunicaci\u00f3n y continuar con las acciones y operativos conjuntos que tienen hoy a Coahuila como el segundo estado m\u00e1s seguro del pa\u00eds.<\/p>\n","protected":false},"excerpt":{"rendered":"<p>Ciudad de M\u00e9xico; a 05 de diciembre de 2025.- Con la finalidad de continuar fortaleciendo la coordinaci\u00f3n en seguridad de Coahuila, elgobernador Manolo Jim\u00e9nez Salinas se reuni\u00f3 con el secretario de Seguridad y Protecci\u00f3n Ciudadana, Omar Garc\u00eda Harfuch. El Mandatario estatal y el funcionario federal revisaron los indicadores con los que se cierra el a\u00f1o, [&hellip;]<\/p>\n","protected":false},"author":1,"featured_media":27813,"comment_status":"open","ping_status":"open","sticky":false,"template":"","format":"standard","meta":{"_monsterinsights_skip_tracking":false,"_monsterinsights_sitenote_active":false,"_monsterinsights_sitenote_note":"","_monsterinsights_sitenote_category":0,"footnotes":""},"categories":[1],"tags":[],"_links":{"self":[{"href":"https:\/\/zonalimitrofe-cbnr.com\/index.php\/wp-json\/wp\/v2\/posts\/27812"}],"collection":[{"href":"https:\/\/zonalimitrofe-cbnr.com\/index.php\/wp-json\/wp\/v2\/posts"}],"about":[{"href":"https:\/\/zonalimitrofe-cbnr.com\/index.php\/wp-json\/wp\/v2\/types\/post"}],"author":[{"embeddable":true,"href":"https:\/\/zonalimitrofe-cbnr.com\/index.php\/wp-json\/wp\/v2\/users\/1"}],"replies":[{"embeddable":true,"href":"https:\/\/zonalimitrofe-cbnr.com\/index.php\/wp-json\/wp\/v2\/comments?post=27812"}],"version-history":[{"count":1,"href":"https:\/\/zonalimitrofe-cbnr.com\/index.php\/wp-json\/wp\/v2\/posts\/27812\/revisions"}],"predecessor-version":[{"id":27814,"href":"https:\/\/zonalimitrofe-cbnr.com\/index.php\/wp-json\/wp\/v2\/posts\/27812\/revisions\/27814"}],"wp:featuredmedia":[{"embeddable":true,"href":"https:\/\/zonalimitrofe-cbnr.com\/index.php\/wp-json\/wp\/v2\/media\/27813"}],"wp:attachment":[{"href":"https:\/\/zonalimitrofe-cbnr.com\/index.php\/wp-json\/wp\/v2\/media?parent=27812"}],"wp:term":[{"taxonomy":"category","embeddable":true,"href":"https:\/\/zonalimitrofe-cbnr.com\/index.php\/wp-json\/wp\/v2\/categories?post=27812"},{"taxonomy":"post_tag","embeddable":true,"href":"https:\/\/zonalimitrofe-cbnr.com\/index.php\/wp-json\/wp\/v2\/tags?post=27812"}],"curies":[{"name":"wp","href":"https:\/\/api.w.org\/{rel}","templated":true}]}}