{"id":27782,"date":"2025-12-05T18:56:43","date_gmt":"2025-12-06T00:56:43","guid":{"rendered":"https:\/\/zonalimitrofe-cbnr.com\/?p=27782"},"modified":"2025-12-05T18:56:43","modified_gmt":"2025-12-06T00:56:43","slug":"lerdo-promueven-cultura-del-cuidado-del-agua-en-lerdo","status":"publish","type":"post","link":"https:\/\/zonalimitrofe-cbnr.com\/index.php\/2025\/12\/05\/lerdo-promueven-cultura-del-cuidado-del-agua-en-lerdo\/","title":{"rendered":"#Lerdo. PROMUEVEN CULTURA DEL CUIDADO DEL AGUA EN LERDO*"},"content":{"rendered":"\n<p>Lerdo, 05 de diciembre 2025.- El Gobierno Municipal de Lerdo, a trav\u00e9s del departamento de Cultura del Agua SAPAL, brind\u00f3 una charla dirigida a alumnos del CBTA 47 de Le\u00f3n Guzm\u00e1n en las instalaciones del CRECO, para promover la importancia de conocer la huella h\u00eddrica de los productos que se consumen diariamente.<\/p>\n\n\n\n<p>Fue el equipo de Arte y Cultura quien se encarg\u00f3 de brindar esta pl\u00e1tica informativa, pues la indicaci\u00f3n de la Presidenta Municipal Susy Carolina Torrecillas Salazar es llevar el mensaje y la promoci\u00f3n del cuidado del agua a todos los ni\u00f1os y j\u00f3venes, para que lo repliquen en sus hogares, con su familia y amigos.<\/p>\n\n\n\n<p>A trav\u00e9s de din\u00e1micas, audiovisuales y juegos de memoria se genera un mayor aprendizaje, reforzando los conocimientos ya adquiridos. Durante la charla, los alumnos recibieron consejos para disminuir la huella h\u00eddrica por parte del personal capacitado.<\/p>\n\n\n\n<p>Cabe recordar que el CRECO se encuentra al interior del Parque Vivero Forestal Lerdo, mejor conocido como \u201cParque Las Auras\u201d, y en este espacio se encuentra la Esfera de la Ciencia, el Serpentario, los Jardines Bot\u00e1nicos y Polinizador, as\u00ed como fotograf\u00edas de la flora y fauna del Desierto Chihuahuense, actividades que promueven el cuidado y preservaci\u00f3n del medio ambiente y del agua. Estas instalaciones est\u00e1n a cargo de la Facultad de Ciencias Biol\u00f3gicas de la Universidad Ju\u00e1rez del Estado de Durango (FCB UJED).<\/p>\n","protected":false},"excerpt":{"rendered":"<p>Lerdo, 05 de diciembre 2025.- El Gobierno Municipal de Lerdo, a trav\u00e9s del departamento de Cultura del Agua SAPAL, brind\u00f3 una charla dirigida a alumnos del CBTA 47 de Le\u00f3n Guzm\u00e1n en las instalaciones del CRECO, para promover la importancia de conocer la huella h\u00eddrica de los productos que se consumen diariamente. Fue el equipo [&hellip;]<\/p>\n","protected":false},"author":1,"featured_media":27783,"comment_status":"open","ping_status":"open","sticky":false,"template":"","format":"standard","meta":{"_monsterinsights_skip_tracking":false,"_monsterinsights_sitenote_active":false,"_monsterinsights_sitenote_note":"","_monsterinsights_sitenote_category":0,"footnotes":""},"categories":[1],"tags":[],"_links":{"self":[{"href":"https:\/\/zonalimitrofe-cbnr.com\/index.php\/wp-json\/wp\/v2\/posts\/27782"}],"collection":[{"href":"https:\/\/zonalimitrofe-cbnr.com\/index.php\/wp-json\/wp\/v2\/posts"}],"about":[{"href":"https:\/\/zonalimitrofe-cbnr.com\/index.php\/wp-json\/wp\/v2\/types\/post"}],"author":[{"embeddable":true,"href":"https:\/\/zonalimitrofe-cbnr.com\/index.php\/wp-json\/wp\/v2\/users\/1"}],"replies":[{"embeddable":true,"href":"https:\/\/zonalimitrofe-cbnr.com\/index.php\/wp-json\/wp\/v2\/comments?post=27782"}],"version-history":[{"count":1,"href":"https:\/\/zonalimitrofe-cbnr.com\/index.php\/wp-json\/wp\/v2\/posts\/27782\/revisions"}],"predecessor-version":[{"id":27784,"href":"https:\/\/zonalimitrofe-cbnr.com\/index.php\/wp-json\/wp\/v2\/posts\/27782\/revisions\/27784"}],"wp:featuredmedia":[{"embeddable":true,"href":"https:\/\/zonalimitrofe-cbnr.com\/index.php\/wp-json\/wp\/v2\/media\/27783"}],"wp:attachment":[{"href":"https:\/\/zonalimitrofe-cbnr.com\/index.php\/wp-json\/wp\/v2\/media?parent=27782"}],"wp:term":[{"taxonomy":"category","embeddable":true,"href":"https:\/\/zonalimitrofe-cbnr.com\/index.php\/wp-json\/wp\/v2\/categories?post=27782"},{"taxonomy":"post_tag","embeddable":true,"href":"https:\/\/zonalimitrofe-cbnr.com\/index.php\/wp-json\/wp\/v2\/tags?post=27782"}],"curies":[{"name":"wp","href":"https:\/\/api.w.org\/{rel}","templated":true}]}}