{"id":27776,"date":"2025-12-04T18:23:11","date_gmt":"2025-12-05T00:23:11","guid":{"rendered":"https:\/\/zonalimitrofe-cbnr.com\/?p=27776"},"modified":"2025-12-04T18:23:11","modified_gmt":"2025-12-05T00:23:11","slug":"gp-jornadas-del-pueblo-acercan-servicios-esenciales-a-familias-de-la-esmeralda","status":"publish","type":"post","link":"https:\/\/zonalimitrofe-cbnr.com\/index.php\/2025\/12\/04\/gp-jornadas-del-pueblo-acercan-servicios-esenciales-a-familias-de-la-esmeralda\/","title":{"rendered":"#GP. Jornadas del Pueblo acercan servicios esenciales a familias de La Esmeralda*"},"content":{"rendered":"\n<p>\u2022 El Vergelito, La Tehua, 13 de Marzo y California se suman a la jornada<\/p>\n\n\n\n<p>\u2022 Cientos de familias fueron atendidas en m\u00f3dulos m\u00e9dicos, sociales y comunitarios<\/p>\n\n\n\n<p>Las Jornadas del Pueblo llegaron al ejido La Esmeralda, donde un importante n\u00famero de habitantes recibi\u00f3 servicios y apoyos gratuitos como parte de este programa dise\u00f1ado para acercar el gobierno a la ciudadan\u00eda.<\/p>\n\n\n\n<p>La techumbre de la Plaza Principal fungi\u00f3 como punto de encuentro para la instalaci\u00f3n de diversos m\u00f3dulos de atenci\u00f3n. Directores, personal operativo y funcionarios del Ayuntamiento acudieron al lugar para brindar atenci\u00f3n directa y personalizada a las y los habitantes de la comunidad.<\/p>\n\n\n\n<p>Durante la jornada, se ofreci\u00f3 gesti\u00f3n de tr\u00e1mites, apoyos para vivienda, entrega de ayuda alimentaria, corte de cabello, vacunaci\u00f3n antirr\u00e1bica para mascotas, donaci\u00f3n de \u00e1rboles, asesor\u00eda jur\u00eddica, orientaci\u00f3n sobre programas sociales y apoyo en tr\u00e1mites administrativos, todo de manera completamente gratuita.<\/p>\n\n\n\n<p>Destac\u00f3 la alta demanda en los m\u00f3dulos de la Direcci\u00f3n de Salud Municipal, especialmente en los servicios de consulta m\u00e9dica y estudios de la vista. En ambos casos, se entregaron los medicamentos necesarios para atender los padecimientos detectados.<\/p>\n\n\n\n<p>El programa Jornadas del Pueblo se ha consolidado como una estrategia efectiva de atenci\u00f3n ciudadana, gracias a su capacidad de respuesta inmediata ante las necesidades planteadas por la poblaci\u00f3n, ofreciendo soluciones tanto individuales como colectivas.<\/p>\n\n\n\n<p>Los beneficios no se limitaron \u00fanicamente a los habitantes de La Esmeralda. Personas de comunidades cercanas como El Vergelito, La Tehua, 13 de Marzo y California tambi\u00e9n acudieron y fueron atendidas durante la jornada.<\/p>\n\n\n\n<p>La presidenta municipal, Betzab\u00e9 Mart\u00ednez Arango, reiter\u00f3 su compromiso de mantener un gobierno cercano a la gente, priorizando el bienestar social y llevando los servicios p\u00fablicos a todas las zonas del municipio, especialmente aquellas con mayor rezago, fortaleciendo as\u00ed el v\u00ednculo entre la ciudadan\u00eda y su gobierno.<\/p>\n","protected":false},"excerpt":{"rendered":"<p>\u2022 El Vergelito, La Tehua, 13 de Marzo y California se suman a la jornada \u2022 Cientos de familias fueron atendidas en m\u00f3dulos m\u00e9dicos, sociales y comunitarios Las Jornadas del Pueblo llegaron al ejido La Esmeralda, donde un importante n\u00famero de habitantes recibi\u00f3 servicios y apoyos gratuitos como parte de este programa dise\u00f1ado para acercar [&hellip;]<\/p>\n","protected":false},"author":1,"featured_media":27777,"comment_status":"open","ping_status":"open","sticky":false,"template":"","format":"standard","meta":{"_monsterinsights_skip_tracking":false,"_monsterinsights_sitenote_active":false,"_monsterinsights_sitenote_note":"","_monsterinsights_sitenote_category":0,"footnotes":""},"categories":[1],"tags":[],"_links":{"self":[{"href":"https:\/\/zonalimitrofe-cbnr.com\/index.php\/wp-json\/wp\/v2\/posts\/27776"}],"collection":[{"href":"https:\/\/zonalimitrofe-cbnr.com\/index.php\/wp-json\/wp\/v2\/posts"}],"about":[{"href":"https:\/\/zonalimitrofe-cbnr.com\/index.php\/wp-json\/wp\/v2\/types\/post"}],"author":[{"embeddable":true,"href":"https:\/\/zonalimitrofe-cbnr.com\/index.php\/wp-json\/wp\/v2\/users\/1"}],"replies":[{"embeddable":true,"href":"https:\/\/zonalimitrofe-cbnr.com\/index.php\/wp-json\/wp\/v2\/comments?post=27776"}],"version-history":[{"count":1,"href":"https:\/\/zonalimitrofe-cbnr.com\/index.php\/wp-json\/wp\/v2\/posts\/27776\/revisions"}],"predecessor-version":[{"id":27778,"href":"https:\/\/zonalimitrofe-cbnr.com\/index.php\/wp-json\/wp\/v2\/posts\/27776\/revisions\/27778"}],"wp:featuredmedia":[{"embeddable":true,"href":"https:\/\/zonalimitrofe-cbnr.com\/index.php\/wp-json\/wp\/v2\/media\/27777"}],"wp:attachment":[{"href":"https:\/\/zonalimitrofe-cbnr.com\/index.php\/wp-json\/wp\/v2\/media?parent=27776"}],"wp:term":[{"taxonomy":"category","embeddable":true,"href":"https:\/\/zonalimitrofe-cbnr.com\/index.php\/wp-json\/wp\/v2\/categories?post=27776"},{"taxonomy":"post_tag","embeddable":true,"href":"https:\/\/zonalimitrofe-cbnr.com\/index.php\/wp-json\/wp\/v2\/tags?post=27776"}],"curies":[{"name":"wp","href":"https:\/\/api.w.org\/{rel}","templated":true}]}}