{"id":27766,"date":"2025-12-04T18:05:02","date_gmt":"2025-12-05T00:05:02","guid":{"rendered":"https:\/\/zonalimitrofe-cbnr.com\/?p=27766"},"modified":"2025-12-04T18:05:02","modified_gmt":"2025-12-05T00:05:02","slug":"lerdo-realizan-primer-aguafest-navideno-en-lerdo","status":"publish","type":"post","link":"https:\/\/zonalimitrofe-cbnr.com\/index.php\/2025\/12\/04\/lerdo-realizan-primer-aguafest-navideno-en-lerdo\/","title":{"rendered":"#Lerdo. REALIZAN PRIMER AGUAFEST NAVIDE\u00d1O EN LERDO"},"content":{"rendered":"\n<p>Lerdo, 04 de diciembre 2025.- Por instrucci\u00f3n de la Presidenta Municipal Susy Carolina Torrecillas Salazar, el departamento de Cultura del Agua del SAPAL (Sistema de Agua Potable y Alcantarillado de Lerdo), realiz\u00f3 el primer AguaFest Navide\u00f1o de la administraci\u00f3n p\u00fablica 2025 \u2013 2028, en el CRECO, al interior del Parque Vivero Forestal Lerdo \u201cLas Auras\u201d.<\/p>\n\n\n\n<p>Con una participaci\u00f3n de alrededor de 300 alumnos, docentes y padres de familia de la primaria del Centro de Estudios Lerdo Contempor\u00e1neo, la aventura inici\u00f3 con una activaci\u00f3n f\u00edsica con canciones navide\u00f1as y del cuidado del agua, actividades relacionadas a la flora y fauna del desierto chihuahuense, cuentacuentos, recorridos por el teatro gui\u00f1ol, la esfera de la ciencia, el serpentario, los jardines bot\u00e1nicos y polinizadores, y el tenderete de las lones.<\/p>\n\n\n\n<p>Esta serie de actividades fueron posible gracias a la participaci\u00f3n de diferentes instancias, entre ellas, la Direcci\u00f3n de Medio Ambiente, el Instituto Municipal del Deporte, la Comisi\u00f3n Nacional del Agua (CONAGUA), la Facultad de Ciencias Biol\u00f3gicas de la Universidad Ju\u00e1rez del Estado de Durango (FCB UJED).<\/p>\n\n\n\n<p>Siguiendo la estrategia de la Presidenta Municipal Susy Torrecillas, estas acciones tienen el prop\u00f3sito de promover entre las y los peque\u00f1os la cultura del cuidado del agua y del medio ambiente, adem\u00e1s de ampliar y reforzar sus conocimientos.<\/p>\n","protected":false},"excerpt":{"rendered":"<p>Lerdo, 04 de diciembre 2025.- Por instrucci\u00f3n de la Presidenta Municipal Susy Carolina Torrecillas Salazar, el departamento de Cultura del Agua del SAPAL (Sistema de Agua Potable y Alcantarillado de Lerdo), realiz\u00f3 el primer AguaFest Navide\u00f1o de la administraci\u00f3n p\u00fablica 2025 \u2013 2028, en el CRECO, al interior del Parque Vivero Forestal Lerdo \u201cLas Auras\u201d. [&hellip;]<\/p>\n","protected":false},"author":1,"featured_media":27768,"comment_status":"open","ping_status":"open","sticky":false,"template":"","format":"standard","meta":{"_monsterinsights_skip_tracking":false,"_monsterinsights_sitenote_active":false,"_monsterinsights_sitenote_note":"","_monsterinsights_sitenote_category":0,"footnotes":""},"categories":[1],"tags":[],"_links":{"self":[{"href":"https:\/\/zonalimitrofe-cbnr.com\/index.php\/wp-json\/wp\/v2\/posts\/27766"}],"collection":[{"href":"https:\/\/zonalimitrofe-cbnr.com\/index.php\/wp-json\/wp\/v2\/posts"}],"about":[{"href":"https:\/\/zonalimitrofe-cbnr.com\/index.php\/wp-json\/wp\/v2\/types\/post"}],"author":[{"embeddable":true,"href":"https:\/\/zonalimitrofe-cbnr.com\/index.php\/wp-json\/wp\/v2\/users\/1"}],"replies":[{"embeddable":true,"href":"https:\/\/zonalimitrofe-cbnr.com\/index.php\/wp-json\/wp\/v2\/comments?post=27766"}],"version-history":[{"count":1,"href":"https:\/\/zonalimitrofe-cbnr.com\/index.php\/wp-json\/wp\/v2\/posts\/27766\/revisions"}],"predecessor-version":[{"id":27769,"href":"https:\/\/zonalimitrofe-cbnr.com\/index.php\/wp-json\/wp\/v2\/posts\/27766\/revisions\/27769"}],"wp:featuredmedia":[{"embeddable":true,"href":"https:\/\/zonalimitrofe-cbnr.com\/index.php\/wp-json\/wp\/v2\/media\/27768"}],"wp:attachment":[{"href":"https:\/\/zonalimitrofe-cbnr.com\/index.php\/wp-json\/wp\/v2\/media?parent=27766"}],"wp:term":[{"taxonomy":"category","embeddable":true,"href":"https:\/\/zonalimitrofe-cbnr.com\/index.php\/wp-json\/wp\/v2\/categories?post=27766"},{"taxonomy":"post_tag","embeddable":true,"href":"https:\/\/zonalimitrofe-cbnr.com\/index.php\/wp-json\/wp\/v2\/tags?post=27766"}],"curies":[{"name":"wp","href":"https:\/\/api.w.org\/{rel}","templated":true}]}}