{"id":27757,"date":"2025-12-03T22:19:27","date_gmt":"2025-12-04T04:19:27","guid":{"rendered":"https:\/\/zonalimitrofe-cbnr.com\/?p=27757"},"modified":"2025-12-03T22:19:28","modified_gmt":"2025-12-04T04:19:28","slug":"durango-otro-sueno-hecho-realidad-marisol-inaugura-la-unidad-de-primera-atencion-para-ninas-ninos-y-adolescentes-con-discapacidad","status":"publish","type":"post","link":"https:\/\/zonalimitrofe-cbnr.com\/index.php\/2025\/12\/03\/durango-otro-sueno-hecho-realidad-marisol-inaugura-la-unidad-de-primera-atencion-para-ninas-ninos-y-adolescentes-con-discapacidad\/","title":{"rendered":"#Durango. \u00a1Otro Sue\u00f1o Hecho Realidad! Marisol Inaugura la Unidad de Primera Atenci\u00f3n para Ni\u00f1as, Ni\u00f1os y Adolescentes con Discapacidad.*"},"content":{"rendered":"\n<p>* _*La nueva unidad de atenci\u00f3n, ubicada en el Hospital Materno Infantil, es un modelo \u00fanico en M\u00e9xico.*_<\/p>\n\n\n\n<p>* _*En el marco del D\u00eda Internacional de las Personas con Discapacidad se puso en operaci\u00f3n este espacio, con una inversi\u00f3n de alrededor de 500 mil pesos.*_<\/p>\n\n\n\n<p>En el marco del D\u00eda Internacional de las Personas con Discapacidad, se abri\u00f3 oficialmente la Unidad de Primera Atenci\u00f3n a Ni\u00f1as, Ni\u00f1os y Adolescentes con Discapacidad en el Hospital Materno Infantil \u2014un modelo pionero en M\u00e9xico\u2014, encabezado por la presidenta del Sistema DIF Estatal, Marisol Rosso Rivera, quien destac\u00f3 que este espacio marca un antes y un despu\u00e9s en la atenci\u00f3n especializada para la ni\u00f1ez duranguense.<\/p>\n\n\n\n<p>\u201cHoy es un d\u00eda muy especial, es el D\u00eda Internacional de las Personas con Discapacidad y al pensar en sus necesidades de salud, decidimos, junto con el secretario de Salud, implementar un espacio seguro de primera atenci\u00f3n para menores de edad con discapacidad\u201d, expres\u00f3 Rosso Rivera, quien subray\u00f3 que se trata de un lugar digno, seguro y adaptado a cada necesidad.<\/p>\n\n\n\n<p>Con una inversi\u00f3n cercana a los 500 mil pesos, esta nueva Unidad ser\u00e1 el punto de ingreso para los ni\u00f1os y adolescentes que requieran valoraci\u00f3n inicial, permitiendo dirigirlos al \u00e1rea m\u00e9dica correspondiente para su atenci\u00f3n adecuada y oportuna.<\/p>\n\n\n\n<p>Para su operaci\u00f3n se adecu\u00f3 un espacio dentro del \u00c1rea de Urgencias del Hospital Materno Infantil que incluye un sistema de Triage, dos consultorios, \u00e1rea de curaci\u00f3n de heridas y estomas, as\u00ed como ba\u00f1os propios, con accesibilidad para sillas de ruedas y camillas.<\/p>\n\n\n\n<p>\u201cExtiendo mi m\u00e1s sincero reconocimiento al equipo que hizo posible que este lugar estuviera listo. Ahora, pacientes, sean derechohabientes o no, junto con sus familiares, ser\u00e1n atendidos de forma adecuada\u201d, afirm\u00f3 la presidenta del DIF Estatal.<\/p>\n\n\n\n<p>A su vez, el secretario de Salud, Mois\u00e9s N\u00e1jera Torres, resalt\u00f3 que este modelo no tiene precedente en el pa\u00eds, convirtiendo a Durango en referente nacional en sensibilidad, inclusi\u00f3n y atenci\u00f3n humanizada. Agradeci\u00f3 la confianza del Gobernador Esteban Villegas Villarreal y de Marisol Rosso en el personal especializado que ha hecho posible este avance hist\u00f3rico para la atenci\u00f3n en salud infantil.<br><\/p>\n","protected":false},"excerpt":{"rendered":"<p>* _*La nueva unidad de atenci\u00f3n, ubicada en el Hospital Materno Infantil, es un modelo \u00fanico en M\u00e9xico.*_ * _*En el marco del D\u00eda Internacional de las Personas con Discapacidad se puso en operaci\u00f3n este espacio, con una inversi\u00f3n de alrededor de 500 mil pesos.*_ En el marco del D\u00eda Internacional de las Personas con [&hellip;]<\/p>\n","protected":false},"author":1,"featured_media":27758,"comment_status":"open","ping_status":"open","sticky":false,"template":"","format":"standard","meta":{"_monsterinsights_skip_tracking":false,"_monsterinsights_sitenote_active":false,"_monsterinsights_sitenote_note":"","_monsterinsights_sitenote_category":0,"footnotes":""},"categories":[1],"tags":[],"_links":{"self":[{"href":"https:\/\/zonalimitrofe-cbnr.com\/index.php\/wp-json\/wp\/v2\/posts\/27757"}],"collection":[{"href":"https:\/\/zonalimitrofe-cbnr.com\/index.php\/wp-json\/wp\/v2\/posts"}],"about":[{"href":"https:\/\/zonalimitrofe-cbnr.com\/index.php\/wp-json\/wp\/v2\/types\/post"}],"author":[{"embeddable":true,"href":"https:\/\/zonalimitrofe-cbnr.com\/index.php\/wp-json\/wp\/v2\/users\/1"}],"replies":[{"embeddable":true,"href":"https:\/\/zonalimitrofe-cbnr.com\/index.php\/wp-json\/wp\/v2\/comments?post=27757"}],"version-history":[{"count":1,"href":"https:\/\/zonalimitrofe-cbnr.com\/index.php\/wp-json\/wp\/v2\/posts\/27757\/revisions"}],"predecessor-version":[{"id":27759,"href":"https:\/\/zonalimitrofe-cbnr.com\/index.php\/wp-json\/wp\/v2\/posts\/27757\/revisions\/27759"}],"wp:featuredmedia":[{"embeddable":true,"href":"https:\/\/zonalimitrofe-cbnr.com\/index.php\/wp-json\/wp\/v2\/media\/27758"}],"wp:attachment":[{"href":"https:\/\/zonalimitrofe-cbnr.com\/index.php\/wp-json\/wp\/v2\/media?parent=27757"}],"wp:term":[{"taxonomy":"category","embeddable":true,"href":"https:\/\/zonalimitrofe-cbnr.com\/index.php\/wp-json\/wp\/v2\/categories?post=27757"},{"taxonomy":"post_tag","embeddable":true,"href":"https:\/\/zonalimitrofe-cbnr.com\/index.php\/wp-json\/wp\/v2\/tags?post=27757"}],"curies":[{"name":"wp","href":"https:\/\/api.w.org\/{rel}","templated":true}]}}