{"id":27750,"date":"2025-12-03T22:08:17","date_gmt":"2025-12-04T04:08:17","guid":{"rendered":"https:\/\/zonalimitrofe-cbnr.com\/?p=27750"},"modified":"2025-12-03T22:08:18","modified_gmt":"2025-12-04T04:08:18","slug":"gp-celebran-circulos-de-mujeres-durante-los-16-dias-de-activismo-contra-la-violencia-de-genero","status":"publish","type":"post","link":"https:\/\/zonalimitrofe-cbnr.com\/index.php\/2025\/12\/03\/gp-celebran-circulos-de-mujeres-durante-los-16-dias-de-activismo-contra-la-violencia-de-genero\/","title":{"rendered":"#GP. Celebran \u201cC\u00edrculos de Mujeres\u201d durante los 16 d\u00edas de activismo contra la violencia de g\u00e9nero*"},"content":{"rendered":"\n<p>\u2022 IMM de G\u00f3mez Palacio lleva informaci\u00f3n y prevenci\u00f3n a ejidos y colonias<\/p>\n\n\n\n<p>En el marco de los \u201c16 D\u00edas de Activismo contra la Violencia de G\u00e9nero\u201d, el Ayuntamiento de G\u00f3mez Palacio, a trav\u00e9s del Instituto Municipal de la Mujer (IMM), contin\u00faa desarrollando los \u201cC\u00edrculos de Mujeres\u201d en diversas comunidades rurales y colonias populares, con el prop\u00f3sito de sensibilizar a las participantes sobre los distintos tipos de violencia y promover entornos libres de agresiones.<\/p>\n\n\n\n<p>Betsi Vargas Angulo, titular del IMM, destac\u00f3 que, gracias al impulso de la presidenta municipal Betzab\u00e9 Mart\u00ednez Arango, estos espacios de di\u00e1logo y acompa\u00f1amiento ya se han implementado en localidades como el ejido El Castillo y en las colonias Fidel Vel\u00e1zquez y 5 de Mayo, acercando herramientas de prevenci\u00f3n, orientaci\u00f3n y fortalecimiento emocional a mujeres de estos sectores.<\/p>\n\n\n\n<p>Los \u201cC\u00edrculos de Mujeres\u201d fomentan la identificaci\u00f3n de los tipos y ciclos de violencia, la eliminaci\u00f3n de mitos y estereotipos de g\u00e9nero, as\u00ed como la construcci\u00f3n de relaciones basadas en el respeto y la igualdad. La respuesta de la comunidad ha sido ampliamente positiva, reflejada en la participaci\u00f3n activa y comprometida de las asistentes.<\/p>\n\n\n\n<p>Como parte de este esfuerzo integral, el IMM tambi\u00e9n ha reforzado su presencia en instituciones educativas. Recientemente, madres y padres de familia de la primaria Jos\u00e9 Santos Vald\u00e9s participaron en la conferencia \u201cTransformando la violencia en v\u00ednculos de amor\u201d, orientada a prevenir conductas de riesgo y fortalecer la convivencia familiar.<\/p>\n\n\n\n<p>Estas acciones forman parte del compromiso del gobierno municipal, encabezado por Betzab\u00e9 Mart\u00ednez Arango, para avanzar hacia una sociedad m\u00e1s equitativa y segura para las mujeres, promoviendo espacios de prevenci\u00f3n, reflexi\u00f3n y empoderamiento en cada rinc\u00f3n de G\u00f3mez Palacio.<\/p>\n","protected":false},"excerpt":{"rendered":"<p>\u2022 IMM de G\u00f3mez Palacio lleva informaci\u00f3n y prevenci\u00f3n a ejidos y colonias En el marco de los \u201c16 D\u00edas de Activismo contra la Violencia de G\u00e9nero\u201d, el Ayuntamiento de G\u00f3mez Palacio, a trav\u00e9s del Instituto Municipal de la Mujer (IMM), contin\u00faa desarrollando los \u201cC\u00edrculos de Mujeres\u201d en diversas comunidades rurales y colonias populares, con [&hellip;]<\/p>\n","protected":false},"author":1,"featured_media":27751,"comment_status":"open","ping_status":"open","sticky":false,"template":"","format":"standard","meta":{"_monsterinsights_skip_tracking":false,"_monsterinsights_sitenote_active":false,"_monsterinsights_sitenote_note":"","_monsterinsights_sitenote_category":0,"footnotes":""},"categories":[1],"tags":[],"_links":{"self":[{"href":"https:\/\/zonalimitrofe-cbnr.com\/index.php\/wp-json\/wp\/v2\/posts\/27750"}],"collection":[{"href":"https:\/\/zonalimitrofe-cbnr.com\/index.php\/wp-json\/wp\/v2\/posts"}],"about":[{"href":"https:\/\/zonalimitrofe-cbnr.com\/index.php\/wp-json\/wp\/v2\/types\/post"}],"author":[{"embeddable":true,"href":"https:\/\/zonalimitrofe-cbnr.com\/index.php\/wp-json\/wp\/v2\/users\/1"}],"replies":[{"embeddable":true,"href":"https:\/\/zonalimitrofe-cbnr.com\/index.php\/wp-json\/wp\/v2\/comments?post=27750"}],"version-history":[{"count":1,"href":"https:\/\/zonalimitrofe-cbnr.com\/index.php\/wp-json\/wp\/v2\/posts\/27750\/revisions"}],"predecessor-version":[{"id":27752,"href":"https:\/\/zonalimitrofe-cbnr.com\/index.php\/wp-json\/wp\/v2\/posts\/27750\/revisions\/27752"}],"wp:featuredmedia":[{"embeddable":true,"href":"https:\/\/zonalimitrofe-cbnr.com\/index.php\/wp-json\/wp\/v2\/media\/27751"}],"wp:attachment":[{"href":"https:\/\/zonalimitrofe-cbnr.com\/index.php\/wp-json\/wp\/v2\/media?parent=27750"}],"wp:term":[{"taxonomy":"category","embeddable":true,"href":"https:\/\/zonalimitrofe-cbnr.com\/index.php\/wp-json\/wp\/v2\/categories?post=27750"},{"taxonomy":"post_tag","embeddable":true,"href":"https:\/\/zonalimitrofe-cbnr.com\/index.php\/wp-json\/wp\/v2\/tags?post=27750"}],"curies":[{"name":"wp","href":"https:\/\/api.w.org\/{rel}","templated":true}]}}