{"id":27747,"date":"2025-12-03T22:03:16","date_gmt":"2025-12-04T04:03:16","guid":{"rendered":"https:\/\/zonalimitrofe-cbnr.com\/?p=27747"},"modified":"2025-12-03T22:03:16","modified_gmt":"2025-12-04T04:03:16","slug":"torreon-petistas-acusan-a-mejia-berdeja-de-aduenarse-del-partido-y-anuncian-su-renuncia","status":"publish","type":"post","link":"https:\/\/zonalimitrofe-cbnr.com\/index.php\/2025\/12\/03\/torreon-petistas-acusan-a-mejia-berdeja-de-aduenarse-del-partido-y-anuncian-su-renuncia\/","title":{"rendered":"#Torre\u00f3n. Petistas acusan a Mej\u00eda Berdeja de adue\u00f1arse del partido y anuncian su renuncia\u00a0"},"content":{"rendered":"\n<p>Por Juan Antonio Mart\u00ednez Barrios<\/p>\n\n\n\n<p>Torre\u00f3n .- Debido a que Ricardo Mej\u00eda Berdeja ha hecho del Partido del Trabajo en Coahuila una franquicia y subasta candidaturas al mejor postor y entre amigos, un grupo de petistas que representan a unos 5 mil militantes decidieron abandonar las filas de dicho partido.<\/p>\n\n\n\n<p>As\u00ed, desde hoy el PT se qued\u00f3 sin representante en Torre\u00f3n, pues en rueda de prensa su coordinador, Gerardo Calvillo y cinco representantes m\u00e1s decidieron dejar el Partido, hartos de que Mej\u00eda Berdeja, lejos de impulsar un crecimiento pol\u00edtico, se ha dedicado a manejarlo como una franquicia al servicio de sus amigos como V\u00edctor Ortiz, el diputado Antonio Flores, Jes\u00fas Cruz y Lorenzo Menera.<\/p>\n\n\n\n<p>Adem\u00e1s, se quej\u00f3 Calvillo, &#8220;Ricardo Mej\u00eda le miente al pueblo de Coahuila con discursos desde la Ciudad de M\u00e9xico donde vive, ya que al Estado viene dos veces al mes, atacando innecesariamente y sin pruebas al gobierno estatal y su polic\u00eda cuando es el segundo es m\u00e1s seguro del pa\u00eds. No apoyamos esa manera de hacer pol\u00edtica; nuestro movimiento se dedica a defender los derechos del pueblo desde la base.&#8221;&nbsp;<\/p>\n\n\n\n<p>Calvillo y el grupo integrado por Carlos Mu\u00f1oz, Martha Hern\u00e1ndez, &nbsp;Juan Ramos, Teresa Dom\u00ednguez y Blanca Garc\u00eda dijeron que seguir\u00e1n en la 4T hasta decidir si se adhieren a otro partido, siempre y cuando maneje una ideolog\u00eda<\/p>\n","protected":false},"excerpt":{"rendered":"<p>Por Juan Antonio Mart\u00ednez Barrios Torre\u00f3n .- Debido a que Ricardo Mej\u00eda Berdeja ha hecho del Partido del Trabajo en Coahuila una franquicia y subasta candidaturas al mejor postor y entre amigos, un grupo de petistas que representan a unos 5 mil militantes decidieron abandonar las filas de dicho partido. As\u00ed, desde hoy el PT [&hellip;]<\/p>\n","protected":false},"author":1,"featured_media":27748,"comment_status":"open","ping_status":"open","sticky":false,"template":"","format":"standard","meta":{"_monsterinsights_skip_tracking":false,"_monsterinsights_sitenote_active":false,"_monsterinsights_sitenote_note":"","_monsterinsights_sitenote_category":0,"footnotes":""},"categories":[1],"tags":[],"_links":{"self":[{"href":"https:\/\/zonalimitrofe-cbnr.com\/index.php\/wp-json\/wp\/v2\/posts\/27747"}],"collection":[{"href":"https:\/\/zonalimitrofe-cbnr.com\/index.php\/wp-json\/wp\/v2\/posts"}],"about":[{"href":"https:\/\/zonalimitrofe-cbnr.com\/index.php\/wp-json\/wp\/v2\/types\/post"}],"author":[{"embeddable":true,"href":"https:\/\/zonalimitrofe-cbnr.com\/index.php\/wp-json\/wp\/v2\/users\/1"}],"replies":[{"embeddable":true,"href":"https:\/\/zonalimitrofe-cbnr.com\/index.php\/wp-json\/wp\/v2\/comments?post=27747"}],"version-history":[{"count":1,"href":"https:\/\/zonalimitrofe-cbnr.com\/index.php\/wp-json\/wp\/v2\/posts\/27747\/revisions"}],"predecessor-version":[{"id":27749,"href":"https:\/\/zonalimitrofe-cbnr.com\/index.php\/wp-json\/wp\/v2\/posts\/27747\/revisions\/27749"}],"wp:featuredmedia":[{"embeddable":true,"href":"https:\/\/zonalimitrofe-cbnr.com\/index.php\/wp-json\/wp\/v2\/media\/27748"}],"wp:attachment":[{"href":"https:\/\/zonalimitrofe-cbnr.com\/index.php\/wp-json\/wp\/v2\/media?parent=27747"}],"wp:term":[{"taxonomy":"category","embeddable":true,"href":"https:\/\/zonalimitrofe-cbnr.com\/index.php\/wp-json\/wp\/v2\/categories?post=27747"},{"taxonomy":"post_tag","embeddable":true,"href":"https:\/\/zonalimitrofe-cbnr.com\/index.php\/wp-json\/wp\/v2\/tags?post=27747"}],"curies":[{"name":"wp","href":"https:\/\/api.w.org\/{rel}","templated":true}]}}