{"id":2773,"date":"2024-03-11T16:24:12","date_gmt":"2024-03-11T22:24:12","guid":{"rendered":"https:\/\/zonalimitrofe-cbnr.com\/?p=2773"},"modified":"2024-03-11T16:24:13","modified_gmt":"2024-03-11T22:24:13","slug":"uadec-rector-atiende-las-propuestas-del-instituto-adolfo-e-romo-cadena-en-el-foro-para-la-construccion-de-la-agenda-universitaria","status":"publish","type":"post","link":"https:\/\/zonalimitrofe-cbnr.com\/index.php\/2024\/03\/11\/uadec-rector-atiende-las-propuestas-del-instituto-adolfo-e-romo-cadena-en-el-foro-para-la-construccion-de-la-agenda-universitaria\/","title":{"rendered":"#UAdeC.  Rector atiende las Propuestas del Instituto \u201cAdolfo E. Romo Cadena\u201d en el Foro para la Construcci\u00f3n de la Agenda Universitaria"},"content":{"rendered":"\n<p>M\u00daZQUIZ, Coahuila. 11 de marzo de 2024. Este lunes iniciaron en M\u00fazquiz los Foros para la Construcci\u00f3n de la Agenda Universitaria de la Universidad Aut\u00f3noma de Coahuila para el periodo 2024-2027, por ello, alumnos y docentes del Instituto \u201cAdolfo E. Romo Cadena\u201d, participaron con sus propuestas.<\/p>\n\n\n\n<p>La sesi\u00f3n fue encabezada por el rector de la m\u00e1xima casa de estudios, Octavio Pimentel Mart\u00ednez, acompa\u00f1ado por la Defensora de los Derechos Humanos Universitarios, Magda Yadira Robles Garza; el coordinador general de Educaci\u00f3n a Distancia, Daniel Hern\u00e1ndez C\u00e1rdenas; el coordinador de Unidad Norte, Luis Carlos Talamantes Arredondo y el coordinador del Instituto \u201cAdolfo E. Romo Cadena\u201d, Abelardo Moreno Fern\u00e1ndez.<\/p>\n\n\n\n<p>El Rector se comprometi\u00f3 con los estudiantes a asignar al plantel a m\u00e1s tardar el lunes 18 de marzo un entrenador deportivo para los equipos representativos, adem\u00e1s, a mejorar y rehabilitar los servicios sanitarios y ampliar la cobertura del internet para que la comunidad estudiantil lo aprovechen al m\u00e1ximo para su formaci\u00f3n acad\u00e9mica.<\/p>\n\n\n\n<p>Pimentel Mart\u00ednez, coment\u00f3 a las y los j\u00f3venes que se dar\u00e1 seguimiento a estos acuerdos y continuar\u00e1 visitando el Instituto para brindar apoyo en cualquier \u00e1mbito que requiera atenci\u00f3n para, con ello, impulsar el crecimiento y desarrollo del plantel.<\/p>\n\n\n\n<p>El coordinador del Instituto \u201cAdolfo E. Romo Cadena\u201d, Abelardo Moreno Fern\u00e1ndez, agradeci\u00f3 al rector Octavio Pimentel Mart\u00ednez por brindar el apoyo que se requiere para las mejoras de la Unidad Acad\u00e9mica, y a nombre de la comunidad aprovech\u00f3 para regalarle una sudadera con el logo del Instituto.<\/p>\n\n\n\n<p>Durante el foro, alumnos y docentes trabajaron en mesas de trabajo para registrar sus necesidades y solicitudes en los siguientes temas: Calidad acad\u00e9mica y formaci\u00f3n integral, Infraestructura y equipamiento y Salud y bienestar universitario, entre otros.<\/p>\n\n\n\n<p>Cabe destacar que estos foros para la Construcci\u00f3n de la Agenda Universitaria de la Universidad Aut\u00f3noma de Coahuila para el periodo 2024-2027, se estar\u00e1n realizando en todos los Institutos, Escuelas, Facultades y Centros de Investigaci\u00f3n de la m\u00e1xima casa de estudios, para contribuir de manera directa con propuestas y opiniones de las y los universitarios en la elaboraci\u00f3n del Plan de Desarrollo Institucional<\/p>\n","protected":false},"excerpt":{"rendered":"<p>M\u00daZQUIZ, Coahuila. 11 de marzo de 2024. Este lunes iniciaron en M\u00fazquiz los Foros para la Construcci\u00f3n de la Agenda Universitaria de la Universidad Aut\u00f3noma de Coahuila para el periodo 2024-2027, por ello, alumnos y docentes del Instituto \u201cAdolfo E. Romo Cadena\u201d, participaron con sus propuestas. La sesi\u00f3n fue encabezada por el rector de la [&hellip;]<\/p>\n","protected":false},"author":1,"featured_media":2774,"comment_status":"open","ping_status":"open","sticky":false,"template":"","format":"standard","meta":{"_monsterinsights_skip_tracking":false,"_monsterinsights_sitenote_active":false,"_monsterinsights_sitenote_note":"","_monsterinsights_sitenote_category":0,"footnotes":""},"categories":[1],"tags":[],"_links":{"self":[{"href":"https:\/\/zonalimitrofe-cbnr.com\/index.php\/wp-json\/wp\/v2\/posts\/2773"}],"collection":[{"href":"https:\/\/zonalimitrofe-cbnr.com\/index.php\/wp-json\/wp\/v2\/posts"}],"about":[{"href":"https:\/\/zonalimitrofe-cbnr.com\/index.php\/wp-json\/wp\/v2\/types\/post"}],"author":[{"embeddable":true,"href":"https:\/\/zonalimitrofe-cbnr.com\/index.php\/wp-json\/wp\/v2\/users\/1"}],"replies":[{"embeddable":true,"href":"https:\/\/zonalimitrofe-cbnr.com\/index.php\/wp-json\/wp\/v2\/comments?post=2773"}],"version-history":[{"count":1,"href":"https:\/\/zonalimitrofe-cbnr.com\/index.php\/wp-json\/wp\/v2\/posts\/2773\/revisions"}],"predecessor-version":[{"id":2775,"href":"https:\/\/zonalimitrofe-cbnr.com\/index.php\/wp-json\/wp\/v2\/posts\/2773\/revisions\/2775"}],"wp:featuredmedia":[{"embeddable":true,"href":"https:\/\/zonalimitrofe-cbnr.com\/index.php\/wp-json\/wp\/v2\/media\/2774"}],"wp:attachment":[{"href":"https:\/\/zonalimitrofe-cbnr.com\/index.php\/wp-json\/wp\/v2\/media?parent=2773"}],"wp:term":[{"taxonomy":"category","embeddable":true,"href":"https:\/\/zonalimitrofe-cbnr.com\/index.php\/wp-json\/wp\/v2\/categories?post=2773"},{"taxonomy":"post_tag","embeddable":true,"href":"https:\/\/zonalimitrofe-cbnr.com\/index.php\/wp-json\/wp\/v2\/tags?post=2773"}],"curies":[{"name":"wp","href":"https:\/\/api.w.org\/{rel}","templated":true}]}}