{"id":27722,"date":"2025-12-02T21:55:59","date_gmt":"2025-12-03T03:55:59","guid":{"rendered":"https:\/\/zonalimitrofe-cbnr.com\/?p=27722"},"modified":"2025-12-02T21:56:00","modified_gmt":"2025-12-03T03:56:00","slug":"lerdo-entrega-susy-torrecillas-aparatos-funcionales-a-70-personas-en-plazuela-benito-juarez","status":"publish","type":"post","link":"https:\/\/zonalimitrofe-cbnr.com\/index.php\/2025\/12\/02\/lerdo-entrega-susy-torrecillas-aparatos-funcionales-a-70-personas-en-plazuela-benito-juarez\/","title":{"rendered":"#Lerdo. ENTREGA SUSY TORRECILLAS APARATOS FUNCIONALES A 70 PERSONAS EN PLAZUELA BENITO JU\u00c1REZ*"},"content":{"rendered":"\n<p>Lerdo, 02 de diciembre del 2025.- La Presidenta Municipal Susy Carolina Torrecillas Salazar llev\u00f3 a cabo este martes la entrega de aparatos funcionales a personas con discapacidad en la Plazuela Benito Ju\u00e1rez, en el marco del D\u00eda Internacional de las Personas con Discapacidad, que se conmemora este 03 de diciembre.<\/p>\n\n\n\n<p>Durante el evento, realizado en presencia de regidores, del secretario del Ayuntamiento y del Coordinador de Gabinete, la Presidenta destac\u00f3 la importancia de brindar este tipo de apoyos a quienes m\u00e1s lo necesitan, refrendando su compromiso por construir un municipio cada vez m\u00e1s incluyente.<\/p>\n\n\n\n<p>En su mensaje, la Alcaldesa Susy Torrecillas afirm\u00f3 que este tipo de apoyos son invaluables para quienes los reciben, y exhort\u00f3 al cabildo a seguir trabajando en unidad en beneficio de las familias lerdenses.<\/p>\n\n\n\n<p>Asimismo, anunci\u00f3 que a partir de enero del 2026 comenzar\u00e1 la \u2018Beca 300\u2019, un apoyo econ\u00f3mico mensual gestionado con el respaldo de los regidores. \u201cQuiz\u00e1 no es mucho, pero contribuir\u00e1 en los hogares para la compra de medicamentos, pa\u00f1ales u otras necesidades\u201d, se\u00f1al\u00f3.<\/p>\n\n\n\n<p>Finalmente, puntualiz\u00f3 que los recursos recaudados por parqu\u00edmetros se mantienen \u00edntegros, y que, con la aprobaci\u00f3n del cabildo, se definir\u00e1 su destino para continuar generando m\u00e1s apoyos a la poblaci\u00f3n.<\/p>\n\n\n\n<p>Por su parte, Karimme Lizbeth Caldera Cer\u00f3n, directora del Instituto para el Desarrollo y la Inclusi\u00f3n de Personas con Discapacidad, agradeci\u00f3 el respaldo de la Presidenta Municipal por hacer posible esta entrega, se\u00f1alando que estos aparatos contribuyen significativamente a mejorar la calidad de vida de quienes enfrentan alguna condici\u00f3n de discapacidad.<\/p>\n\n\n\n<p>\u201cHoy nos reunimos para celebrar el D\u00eda Internacional de la Discapacidad y reconocer la importancia de la accesibilidad en nuestra comunidad. El municipio trabaja para ser una ciudad incluyente, promoviendo los derechos de todas y todos\u201d, expres\u00f3 Karimme Caldera.<\/p>\n\n\n\n<p>Como beneficiaria, la se\u00f1ora Miriam Fabiola Ch\u00e1vez reconoci\u00f3 el apoyo de la Presidenta por la donaci\u00f3n de una silla PCI para su hijo, destacando que este aparato les permitir\u00e1 trasladar al peque\u00f1o Rolando con mayor facilidad y seguridad.<\/p>\n\n\n\n<p>En total, fueron entregados aparatos auditivos, andaderas, bastones, sillas PCI, sillas de ruedas, entre otros dispositivos que permitir\u00e1n mejorar la movilidad y autonom\u00eda de 70 personas beneficiadas.<\/p>\n","protected":false},"excerpt":{"rendered":"<p>Lerdo, 02 de diciembre del 2025.- La Presidenta Municipal Susy Carolina Torrecillas Salazar llev\u00f3 a cabo este martes la entrega de aparatos funcionales a personas con discapacidad en la Plazuela Benito Ju\u00e1rez, en el marco del D\u00eda Internacional de las Personas con Discapacidad, que se conmemora este 03 de diciembre. Durante el evento, realizado en [&hellip;]<\/p>\n","protected":false},"author":1,"featured_media":27723,"comment_status":"open","ping_status":"open","sticky":false,"template":"","format":"standard","meta":{"_monsterinsights_skip_tracking":false,"_monsterinsights_sitenote_active":false,"_monsterinsights_sitenote_note":"","_monsterinsights_sitenote_category":0,"footnotes":""},"categories":[1],"tags":[],"_links":{"self":[{"href":"https:\/\/zonalimitrofe-cbnr.com\/index.php\/wp-json\/wp\/v2\/posts\/27722"}],"collection":[{"href":"https:\/\/zonalimitrofe-cbnr.com\/index.php\/wp-json\/wp\/v2\/posts"}],"about":[{"href":"https:\/\/zonalimitrofe-cbnr.com\/index.php\/wp-json\/wp\/v2\/types\/post"}],"author":[{"embeddable":true,"href":"https:\/\/zonalimitrofe-cbnr.com\/index.php\/wp-json\/wp\/v2\/users\/1"}],"replies":[{"embeddable":true,"href":"https:\/\/zonalimitrofe-cbnr.com\/index.php\/wp-json\/wp\/v2\/comments?post=27722"}],"version-history":[{"count":1,"href":"https:\/\/zonalimitrofe-cbnr.com\/index.php\/wp-json\/wp\/v2\/posts\/27722\/revisions"}],"predecessor-version":[{"id":27724,"href":"https:\/\/zonalimitrofe-cbnr.com\/index.php\/wp-json\/wp\/v2\/posts\/27722\/revisions\/27724"}],"wp:featuredmedia":[{"embeddable":true,"href":"https:\/\/zonalimitrofe-cbnr.com\/index.php\/wp-json\/wp\/v2\/media\/27723"}],"wp:attachment":[{"href":"https:\/\/zonalimitrofe-cbnr.com\/index.php\/wp-json\/wp\/v2\/media?parent=27722"}],"wp:term":[{"taxonomy":"category","embeddable":true,"href":"https:\/\/zonalimitrofe-cbnr.com\/index.php\/wp-json\/wp\/v2\/categories?post=27722"},{"taxonomy":"post_tag","embeddable":true,"href":"https:\/\/zonalimitrofe-cbnr.com\/index.php\/wp-json\/wp\/v2\/tags?post=27722"}],"curies":[{"name":"wp","href":"https:\/\/api.w.org\/{rel}","templated":true}]}}